{"id":3222,"date":"2026-05-31T13:46:50","date_gmt":"2026-05-31T10:46:50","guid":{"rendered":"https:\/\/imgist.ru\/bryus-dern-vspominaet-kak-provozhal-merilin-monro-domoj-cherez-ves-gorod-pod-dozhdem-i-po-puti-stolknulsya-s-drugoj-gollivudskoj-ikonoj-eksklyuziv\/"},"modified":"2026-08-29T11:29:24","modified_gmt":"2026-08-29T08:29:24","slug":"bruce-dern-relembra-ter-acompanhado-marilyn-monroe-ate-em-casa-atravessando-a-cidade-na-chuva-e-ter-encontrado-outro-icone-de-hollywood-no-caminho-exclusivo","status":"publish","type":"post","link":"https:\/\/imgist.ru\/pt\/bryus-dern-vspominaet-kak-provozhal-merilin-monro-domoj-cherez-ves-gorod-pod-dozhdem-i-po-puti-stolknulsya-s-drugoj-gollivudskoj-ikonoj-eksklyuziv\/","title":{"rendered":"Bruce Dern relembra ter acompanhado Marilyn Monroe at\u00e9 em casa &quot;do outro lado da cidade&quot; na chuva e ter encontrado outro \u00edcone de Hollywood no caminho (exclusivo)."},"content":{"rendered":"<h3>PRECISA SABER <\/h3>\n<ul>\n<li>\n<p> No novo document\u00e1rio <em>\u00abDernsey: A Vida Extraordin\u00e1ria de Bruce Dern\u00bb<\/em> Bruce Dern relembra mais de seis d\u00e9cadas de sua carreira em Hollywood. <\/p>\n<\/li>\n<li>\n<p> Em entrevista \u00e0 revista PEOPLE para marcar o lan\u00e7amento do filme no Festival de Cannes, Dern relembra os tempos em que caminhava para casa com Marilyn Monroe enquanto estudava no Actors Studio. <\/p>\n<\/li>\n<li>\n<p> O document\u00e1rio estreou em 20 de maio de 2026 no Festival de Cinema de Cannes.<\/p>\n<\/li>\n<\/ul>\n<p> Bruce Dern compartilha algumas de suas lembran\u00e7as mais queridas de sua carreira de d\u00e9cadas.<\/p>\n<p> Em entrevista \u00e0 revista PEOPLE no Festival de Cannes, dedicada \u00e0 exibi\u00e7\u00e3o de um novo document\u00e1rio, ela falou sobre como se apresentava. <em>\u00abDernsey: A Vida Extraordin\u00e1ria de Bruce Dern,<\/em> Em 20 de maio, Dern relembra um encontro especial com Marilyn Monroe. . <\/p>\n<p> \u00ab&quot;Est\u00e1 chovendo l\u00e1 fora. Estou no est\u00fadio de atua\u00e7\u00e3o. Saio e est\u00e1 garoando, e Marilyn est\u00e1 l\u00e1 porque Lee Strasberg a deixou vir assistir ao que est\u00e1vamos fazendo&quot;, ele relembra. &quot;E ela disse: &#039;Sabe que filme voc\u00ea vai fazer? Eu n\u00e3o posso porque meu marido idiota escreveu esse roteiro idiota de faroeste que eu tenho que atuar, ent\u00e3o n\u00e3o posso.&#039;&quot;.<\/p>\n<p> Aparentemente, Monroe j\u00e1 tinha o filme em mente. <em>\u00ab&quot;Os Desajustados&quot; 1961,<\/em> Seu \u00faltimo filme conclu\u00eddo, escrito por seu ent\u00e3o marido Arthur Miller e estrelado por Clark Gable. Devido \u00e0 sua agenda lotada, Dern observou que Lee Remick acabou coestrelando com ele em <em>no filme &quot;Rio Selvagem&quot;\u00ab<\/em> 1960. <\/p>\n<p> Bruce Dern, 1978. Foto: Nicholas Russell\/Getty<\/p>\n<p> \u00ab&quot;Estava chovendo torrencialmente e n\u00e3o havia t\u00e1xis na Rua 44 nem muito al\u00e9m da D\u00e9cima Avenida&quot;, continua o ator de 89 anos. &quot;E ela disse: &#039;Voc\u00ea poderia me acompanhar a p\u00e9 at\u00e9 onde ela morava, na Gracie Square?&#039;&quot;.<\/p>\n<p> <strong>N\u00e3o perca nenhuma novidade - inscreva-se!<\/strong> <strong>newsletter di\u00e1ria gratuita PEOPLE<\/strong> <strong>, Para ficar por dentro do melhor que a revista PEOPLE tem a oferecer, desde not\u00edcias sobre celebridades at\u00e9 hist\u00f3rias humanas inspiradoras.<\/strong><\/p>\n<p> Dern se ofereceu para pegar um t\u00e1xi, mas a atriz queria caminhar na chuva, ent\u00e3o ele concordou. <\/p>\n<p> \u00ab&quot;Caminhamos por toda a cidade, cerca de um quil\u00f4metro e meio. Chegamos \u00e0 Sutton Place, onde ela entrou em casa, e quando nos aproximamos da Sutton Place, um t\u00e1xi saiu de repente e uma mulher correu atr\u00e1s dele&quot;, continuou ele.<\/p>\n<p> A mulher passou por eles a poucos metros de dist\u00e2ncia e, embora estivesse com pressa, Dern observa que ela &quot;nos viu claramente&quot; antes de abrir a porta do carro.<\/p>\n<p> \u00ab&quot;Quando me virei para Marilyn, ela estava olhando para mim. Ela disse: &#039;Bruce, Bruce, voc\u00ea n\u00e3o sabe quem era?&#039;&quot;, ele recorda.<\/p>\n<p> Dern n\u00e3o reconheceu o viajante aflito, mas Monroe ent\u00e3o disse: &quot;Bruce, aquela era Greta Garbo. E ela n\u00e3o sabia quem eu era.&quot;. <\/p>\n<p> \u00ab&quot;E eu disse: &#039;Sabe de uma coisa, Marilyn? Acho que ela te ensinou uma li\u00e7\u00e3o. Ela provavelmente sabia quem voc\u00ea era.&#039; Ela disse: &#039;Essas mulheres n\u00e3o reconheceriam Marilyn Monroe porque eram estilistas.&#039; E acho que voc\u00ea poderia cham\u00e1-la de estilista.&quot;. <\/p>\n<p> Foto de Marilyn Monroe: Baron\/Hulton Archive\/Getty<\/p>\n<p> Dern afirma que se inspirou a participar do document\u00e1rio, dirigido por Mike Mendes e tamb\u00e9m estrelado por Laura Dern, Quentin Tarantino e Alexander Payne, porque compartilhou suas muitas aventuras com lendas de Hollywood como Marilyn Monroe.<\/p>\n<p> \u00ab&quot;Foi por isso que fiz este filme, porque algu\u00e9m precisa saber o que essas pessoas fizeram. Nunca mais teremos estrelas como essas.&quot;.<\/p>\n<p> Data de lan\u00e7amento <em>filme &quot;Dernsey: A Vida Extraordin\u00e1ria de Bruce Dern&quot;\u00ab<\/em> O nome ainda n\u00e3o foi divulgado ap\u00f3s sua estreia no Festival de Cannes.<\/p>\n<p> Leia o artigo original na revista People.<\/p>","protected":false},"excerpt":{"rendered":"<p>VOC\u00ca PRECISA SABER: No novo document\u00e1rio &quot;Dernsey: A Vida Extraordin\u00e1ria de Bruce Dern&quot;, Bruce Dern relembra suas mais de seis d\u00e9cadas em Hollywood. Em entrevista \u00e0 revista\u2026<\/p>","protected":false},"author":1,"featured_media":3223,"comment_status":"open","ping_status":"closed","sticky":false,"template":"","format":"standard","meta":{"footnotes":""},"categories":[5],"tags":[],"class_list":["post-3222","post","type-post","status-publish","format-standard","has-post-thumbnail","hentry","category-selebriti","hvn-theme-has-thumbnail"],"_links":{"self":[{"href":"https:\/\/imgist.ru\/pt\/wp-json\/wp\/v2\/posts\/3222","targetHints":{"allow":["GET"]}}],"collection":[{"href":"https:\/\/imgist.ru\/pt\/wp-json\/wp\/v2\/posts"}],"about":[{"href":"https:\/\/imgist.ru\/pt\/wp-json\/wp\/v2\/types\/post"}],"author":[{"embeddable":true,"href":"https:\/\/imgist.ru\/pt\/wp-json\/wp\/v2\/users\/1"}],"replies":[{"embeddable":true,"href":"https:\/\/imgist.ru\/pt\/wp-json\/wp\/v2\/comments?post=3222"}],"version-history":[{"count":2,"href":"https:\/\/imgist.ru\/pt\/wp-json\/wp\/v2\/posts\/3222\/revisions"}],"predecessor-version":[{"id":146079,"href":"https:\/\/imgist.ru\/pt\/wp-json\/wp\/v2\/posts\/3222\/revisions\/146079"}],"wp:featuredmedia":[{"embeddable":true,"href":"https:\/\/imgist.ru\/pt\/wp-json\/wp\/v2\/media\/3223"}],"wp:attachment":[{"href":"https:\/\/imgist.ru\/pt\/wp-json\/wp\/v2\/media?parent=3222"}],"wp:term":[{"taxonomy":"category","embeddable":true,"href":"https:\/\/imgist.ru\/pt\/wp-json\/wp\/v2\/categories?post=3222"},{"taxonomy":"post_tag","embeddable":true,"href":"https:\/\/imgist.ru\/pt\/wp-json\/wp\/v2\/tags?post=3222"}],"curies":[{"name":"wp","href":"https:\/\/api.w.org\/{rel}","templated":true}]}}