{"id":3260,"date":"2026-05-31T14:37:30","date_gmt":"2026-05-31T11:37:30","guid":{"rendered":"http:\/\/imgist.ru\/syn-deniela-redkliffa-dazhe-ne-podozrevaet-o-slave-svoego-otcza-i-zvezda-garri-pottera-nadeetsya-sohranit-eto-v-tajne-eksklyuziv\/"},"modified":"2026-08-29T11:29:32","modified_gmt":"2026-08-29T08:29:32","slug":"o-filho-de-daniel-redcliffe-nem-sequer-suspeita-que-o-pai-tenha-um-relacionamento-amoroso-com-uma-escrava-e-o-astro-de-harry-potter-espera-manter-isso-em-segredo-exclusivo","status":"publish","type":"post","link":"https:\/\/imgist.ru\/pt\/syn-deniela-redkliffa-dazhe-ne-podozrevaet-o-slave-svoego-otcza-i-zvezda-garri-pottera-nadeetsya-sohranit-eto-v-tajne-eksklyuziv\/","title":{"rendered":"O filho de Daniel Radcliffe n\u00e3o faz ideia da fama do pai, e o astro de Harry Potter espera manter isso em segredo (exclusivo)."},"content":{"rendered":"<h3>PRECISA SABER<\/h3>\n<ul>\n<li>\n<p> Daniel Radcliffe compartilhou uma hist\u00f3ria engra\u00e7ada sobre quando seu filho o viu em um comercial e o reconheceu como &quot;pai&quot;.<\/p>\n<\/li>\n<li>\n<p> Radcliffe e sua parceira, a atriz Erin Darke, deram as boas-vindas a um filho em abril de 2023, e o nome da crian\u00e7a est\u00e1 sendo mantido em segredo.<\/p>\n<\/li>\n<li>\n<p> O ator est\u00e1 atualmente estrelando uma pe\u00e7a interativa na Broadway. <em>\u00abToda coisa brilhante\u00bb<\/em> , o que, segundo ele, representa um desafio criativo.<\/p>\n<\/li>\n<\/ul>\n<p> Daniel Radcliffe quase viu seu filho descobrir sua fama.<\/p>\n<p> Estrela <em>filme &quot;Tudo Brilha&quot;\u00ab<\/em> Em uma entrevista exclusiva \u00e0 revista PEOPLE, ele revelou que estava assistindo aos Jogos Ol\u00edmpicos de Inverno com sua companheira de longa data, a atriz Erin Darke, quando o filho deles, que completou 3 anos em abril, viu repentinamente Radcliffe, de 36 anos, em um an\u00fancio de uma pe\u00e7a da Broadway.<\/p>\n<p> \u00abSa\u00ed da sala e, de repente, o programa come\u00e7ou, e ele n\u00e3o fazia ideia do que eu estava fazendo\u00bb, explicou a estrela. <em>\u00abHarry Potter\u00bb<\/em> . &quot;Ele simplesmente perguntou num tom como quem diz: &#039;Eu n\u00e3o estou louco, estou?&#039; Ele disse: &#039;Pai?&#039; A\u00ed eu pensei: &#039;Ele saiu?&#039;, porque ele presumiu que, como eu tinha sa\u00eddo do quarto, eu tinha aparecido de repente na tela da TV.&quot;. <\/p>\n<p> Daniel Radcliffe e Erin Darke. Foto: Stephen Lovekin\/Shutterstock<\/p>\n<p> \u00ab&quot;Voc\u00ea sabe que seu trabalho \u00e9 uma completa besteira quando n\u00e3o consegue explic\u00e1-lo para uma crian\u00e7a&quot;, continuou ele. &quot;Como ator, voc\u00ea pode explicar quem s\u00e3o policiais, bombeiros, m\u00e9dicos e tudo mais. Mas quando se trata de atua\u00e7\u00e3o, voc\u00ea percebe: &#039;\u00c9, estamos contando hist\u00f3rias, sabe, como nos seus livros. Estamos meio que encenando suas hist\u00f3rias.&#039; Ele est\u00e1 muito longe de entender o que eu fa\u00e7o, e vou mant\u00ea-lo no escuro pelo m\u00e1ximo de tempo poss\u00edvel.&quot;.<\/p>\n<p> Radcliffe e Darke deram as boas-vindas ao filho em abril de 2023, mas mantiveram muitas informa\u00e7\u00f5es sobre ele em segredo, incluindo seu nome. O casal se conheceu em 2012, interpretando um casal de namorados em <em>no filme &quot;Kill Your Darlings&quot;\u00ab<\/em> .<\/p>\n<p> Em julho de 2023, Radcliffe falou abertamente sobre sua paternidade em uma entrevista. <em>Entretenimento esta noite<\/em> &quot;\u00c9 \u00f3timo. \u00c9 uma loucura e estressante, mas ele \u00e9 maravilhoso e a Erin \u00e9 incr\u00edvel \u2014 \u00e9 um verdadeiro privil\u00e9gio passar esse tempo com ele.&quot;.<\/p>\n<p> Na ocasi\u00e3o, ele acrescentou: &quot;Eu sempre planejei tirar um tempo de folga, o que nem todos podem fazer, ent\u00e3o posso passar muito tempo com ele, e isso \u00e9 maravilhoso.&quot;. <\/p>\n<p> Daniel Radcliffe segura seu filho em julho de 2023. Foto: Kristin Callahan\/Shutterstock.<\/p>\n<p> Embora em 2023 a estrela <em>\u00abHarry Potter\u00bb<\/em> tamb\u00e9m afirmou <em>Newsweek<\/em> , Ele afirmou que &quot;n\u00e3o gostaria de fama para seu filho&quot; e explicou que &quot;ficaria feliz se ele estivesse em sets de filmagem&quot;.<\/p>\n<p> \u00ab&quot;O sonho deles \u00e9 chegar no set de filmagem e dizer: &#039;Nossa, eu adoraria trabalhar no departamento de arte. Adoraria fazer parte da equipe.&#039; Algo assim, mas n\u00e3o exatamente assim&quot;, acrescentou. &quot;Acho que se voc\u00ea consegue estar no set sem necessariamente pensar: &#039;Nossa, isso vai ser muito importante na sua vida&#039;, \u00e9 \u00f3timo... Os sets de filmagem s\u00e3o lugares maravilhosos. Acho que isso pode ser maravilhoso para as crian\u00e7as. Mas a fama \u00e9 algo que voc\u00ea deve evitar a todo custo.&quot;.<\/p>\n<p> Radcliffe concluiu recentemente sua participa\u00e7\u00e3o na Broadway. <em>\u00abToda coisa brilhante\u00bb<\/em> , baseado na intera\u00e7\u00e3o com o p\u00fablico e nas rela\u00e7\u00f5es humanas. Ele est\u00e1 indicado ao Pr\u00eamio Tony de Melhor Ator em Pe\u00e7a, que ser\u00e1 entregue em 7 de junho de 2026. <\/p>\n<p> Daniel Radcliffe no musical &quot;Every Brilliant Thing&quot; na Broadway. Foto: Matthew Murphy.<\/p>\n<p> \u00ab&quot;A cada poucos anos, quero fazer algo que realmente me assuste&quot;, disse ele \u00e0 revista PEOPLE. &quot;H\u00e1 per\u00edodos na carreira em que voc\u00ea fica muito confort\u00e1vel, e algo que te assusta te tira dessa zona de conforto. E para mim, \u00e9 exatamente isso.&quot;.<\/p>\n<p> \u00ab&quot;Quando encontro algo que me parece realmente natural, e sinto que minha voz e a voz do personagem s\u00e3o bastante parecidas, mas ao mesmo tempo h\u00e1 um elemento completamente estranho e fora da minha zona de conforto, isso \u00e9 uma verdadeira descoberta para mim&quot;, acrescentou. &quot;\u00c9 a\u00ed que come\u00e7o a me empolgar como ator e sei que estou pronto para o desafio.&quot;.<\/p>\n<p> Embora Radcliffe j\u00e1 tenha ganhado um Pr\u00eamio Tony por seu papel na remontagem, <em>\u00abAlegremente seguimos em frente\u00bb<\/em> Em 2024, esse espet\u00e1culo solo abriu novos horizontes para ele.<\/p>\n<p> \u00ab&quot;Eu nunca tinha feito nada parecido antes. E, francamente, eu n\u00e3o estava interessado em ficar sozinho, recitando falas para uma plateia. Foi a conex\u00e3o que esta pe\u00e7a cria com o p\u00fablico que me fez querer faz\u00ea-la&quot;, disse ele. &quot;Todas as noites, n\u00f3s, como comunidade teatral, temos a oportunidade de apresentar esta pe\u00e7a juntos. E \u00e9 uma sensa\u00e7\u00e3o verdadeiramente especial e \u00fanica.&quot;.<\/p>\n<p> Radcliffe disse que acha que isso &quot;diz muito&quot; sobre a pe\u00e7a, visto que ele n\u00e3o considera a intera\u00e7\u00e3o com o p\u00fablico &quot;tediosa&quot;. Mesmo antes do in\u00edcio da apresenta\u00e7\u00e3o, ele passa 30 minutos interagindo com a plateia e selecionando as pessoas que o auxiliar\u00e3o durante a performance.<\/p>\n<p> \u00ab&quot;Adoro o fato de poder estar em uma sala cheia de pessoas sem ter que me esconder, que \u00e9 como costumo viver minha vida&quot;, disse ele. &quot;H\u00e1 algo realmente libertador e divertido em poder correr por a\u00ed e recrutar pessoas para um show.&quot;.<\/p>\n<p> Considerando que Radcliffe normalmente tenta &quot;manter um perfil discreto&quot; quando est\u00e1 em p\u00fablico, ele observou que &quot;h\u00e1 algo realmente libertador em simplesmente andar por a\u00ed e dizer: &#039;Ol\u00e1, eu sou o Dan. Prazer em conhec\u00ea-lo.&#039; \u00c9 divertido!&quot;\u00ab<\/p>\n<p> <strong>N\u00e3o perca nada \u2014 inscreva-se na newsletter di\u00e1ria e gratuita da PEOPLE para ficar por dentro do melhor que a PEOPLE tem a oferecer, desde not\u00edcias sobre celebridades at\u00e9 hist\u00f3rias humanas inspiradoras.<\/strong><\/p>\n<p> \u00ab&quot;Nunca mais terei que fazer algo assim&quot;, continuou ele. &quot;Serei eternamente grato por isso.&quot;.<\/p>\n<p> Radcliffe desempenhou seu \u00faltimo papel na pe\u00e7a. <em>\u00abToda coisa brilhante\u00bb<\/em> No domingo, 24 de maio. Mariska Hargitay, que fez sua estreia na Broadway na ter\u00e7a-feira, 26 de maio, estrela no papel principal. Tracee Ellis Ross estrelar\u00e1 a pe\u00e7a a partir de 7 de julho.<\/p>\n<p> Ingressos para o show <em>Toda coisa brilhante<\/em> J\u00e1 est\u00e1 \u00e0 venda.<\/p>\n<p> A cerim\u00f4nia do Tony Awards de 2026 acontecer\u00e1 no Radio City Music Hall no domingo, 7 de junho. O show ser\u00e1 transmitido pela CBS \u00e0s 20h (hor\u00e1rio do leste dos EUA) \/ 17h (hor\u00e1rio do Pac\u00edfico) e tamb\u00e9m estar\u00e1 dispon\u00edvel para streaming no Paramount+.<\/p>\n<p> Leia o artigo original na revista People.<\/p>","protected":false},"excerpt":{"rendered":"<p>\u00c9 NECESS\u00c1RIO SABER: Daniel Radcliffe compartilhou uma hist\u00f3ria engra\u00e7ada sobre seu filho o vendo em um comercial e o reconhecendo como &quot;Papai&quot;. Radcliffe e sua colega de elenco, a atriz Erin...<\/p>","protected":false},"author":1,"featured_media":3261,"comment_status":"open","ping_status":"closed","sticky":false,"template":"","format":"standard","meta":{"footnotes":""},"categories":[5],"tags":[],"class_list":["post-3260","post","type-post","status-publish","format-standard","has-post-thumbnail","hentry","category-selebriti","hvn-theme-has-thumbnail"],"_links":{"self":[{"href":"https:\/\/imgist.ru\/pt\/wp-json\/wp\/v2\/posts\/3260","targetHints":{"allow":["GET"]}}],"collection":[{"href":"https:\/\/imgist.ru\/pt\/wp-json\/wp\/v2\/posts"}],"about":[{"href":"https:\/\/imgist.ru\/pt\/wp-json\/wp\/v2\/types\/post"}],"author":[{"embeddable":true,"href":"https:\/\/imgist.ru\/pt\/wp-json\/wp\/v2\/users\/1"}],"replies":[{"embeddable":true,"href":"https:\/\/imgist.ru\/pt\/wp-json\/wp\/v2\/comments?post=3260"}],"version-history":[{"count":3,"href":"https:\/\/imgist.ru\/pt\/wp-json\/wp\/v2\/posts\/3260\/revisions"}],"predecessor-version":[{"id":146150,"href":"https:\/\/imgist.ru\/pt\/wp-json\/wp\/v2\/posts\/3260\/revisions\/146150"}],"wp:featuredmedia":[{"embeddable":true,"href":"https:\/\/imgist.ru\/pt\/wp-json\/wp\/v2\/media\/3261"}],"wp:attachment":[{"href":"https:\/\/imgist.ru\/pt\/wp-json\/wp\/v2\/media?parent=3260"}],"wp:term":[{"taxonomy":"category","embeddable":true,"href":"https:\/\/imgist.ru\/pt\/wp-json\/wp\/v2\/categories?post=3260"},{"taxonomy":"post_tag","embeddable":true,"href":"https:\/\/imgist.ru\/pt\/wp-json\/wp\/v2\/tags?post=3260"}],"curies":[{"name":"wp","href":"https:\/\/api.w.org\/{rel}","templated":true}]}}