{"id":336,"date":"2026-05-29T17:35:21","date_gmt":"2026-05-29T14:35:21","guid":{"rendered":"https:\/\/imgist.ru\/dzhimmi-kimmel-vysmeyal-festival-trampa-freedom-250-posle-togo-kak-neskolko-uchastnikov-otkazalis-ot-uchastiya\/"},"modified":"2026-05-29T17:35:21","modified_gmt":"2026-05-29T14:35:21","slug":"jimmy-kimmel-zombou-do-festival-trampa-freedom-250-depois-que-varios-participantes-desistiram","status":"publish","type":"post","link":"https:\/\/imgist.ru\/pt\/dzhimmi-kimmel-vysmeyal-festival-trampa-freedom-250-posle-togo-kak-neskolko-uchastnikov-otkazalis-ot-uchastiya\/","title":{"rendered":"Jimmy Kimmel zombou do festival Freedom 250 de Trump depois que v\u00e1rios participantes desistiram de comparecer."},"content":{"rendered":"<p>Jimmy Kimmel deu boas risadas na quinta-feira (28 de maio) no festival Freedom 250 da Great American State Fair, que teve v\u00e1rias atra\u00e7\u00f5es principais canceladas.<\/p>\n<p> \u00ab&quot;Eles tamb\u00e9m est\u00e3o oferecendo entretenimento para o que chamam de Grande Feira Estadual Americana&quot;, disse o apresentador do programa noturno de quinta-feira. <em>\u00abJimmy Kimmel ao vivo!\u00bb<\/em> , referindo-se ao evento de 16 dias no National Mall em Washington, D.C., organizado pela organiza\u00e7\u00e3o sem fins lucrativos do presidente Donald Trump. .<\/p>\n<p> Kimmel continuou: &quot;\u00c9 um grande show em Washington, D.C., no dia 4 de julho, para celebrar o 250\u00ba anivers\u00e1rio do nosso pa\u00eds. E que programa\u00e7\u00e3o incr\u00edvel! \u00c9 como o Coachella para bandas que contrataram o primo como empres\u00e1rio de turn\u00ea.&quot;. <\/p>\n<p> Em seguida, o comediante listou os participantes, incluindo v\u00e1rios artistas que posteriormente recusaram participar.<\/p>\n<p> \u00ab&quot;A programa\u00e7\u00e3o inclui a dupla pop Milli Vanilli, cujo membro faleceu. A dupla pop C+C Music Factory, cujo outro membro tamb\u00e9m faleceu&quot;, disse Kimmel. &quot;Morris Day e The Time, com exce\u00e7\u00e3o do vocalista Morris Day e da banda The Time, recusaram o convite. Young MC, com exce\u00e7\u00e3o de Young MC, tamb\u00e9m recusou. E The Commodores, com exce\u00e7\u00e3o da forma\u00e7\u00e3o original e dos novos vocalistas, tamb\u00e9m recusaram o convite para hoje.&quot;. <\/p>\n<p> Kimmel disse aos telespectadores para n\u00e3o se preocuparem porque &quot;Brett Michaels, Flo Rida, Vanilla Ice e o cara do logo do Cracker Barrel soprando em uma jarra ainda est\u00e3o no jogo. Vamos ver se eles ainda estar\u00e3o por a\u00ed amanh\u00e3. Que bagun\u00e7a.&quot;.<\/p>\n<p> Apenas algumas horas ap\u00f3s a grava\u00e7\u00e3o do programa do Kimmel, Michaels tamb\u00e9m desistiu do show. Em uma longa postagem no Instagram, a ex-vencedora do Kimmel anunciou sua desist\u00eancia. <em>\u00abAprendiz Celebridade\u00bb<\/em> Ele disse que o programa foi inicialmente descrito para ele como &quot;uma celebra\u00e7\u00e3o do nosso pa\u00eds atrav\u00e9s da m\u00fasica&quot;, mas evoluiu para algo &quot;muito mais controverso&quot;. <\/p>\n<p> A cantora country Martina McBride tamb\u00e9m recusou o convite, escrevendo no Instagram: &quot;Me ofereceram para me apresentar em um evento apartid\u00e1rio, mas acabou sendo um golpe.&quot;.<\/p>\n<p> Kimmel observou que o Milli Vanilli divulgou um comunicado afirmando que nunca foram convidados para se apresentar e que n\u00e3o participar\u00e3o do show. O comunicado acrescentou ainda: &quot;Outras bandas que usam o nome Milli Vanilli e aparecem em an\u00fancios devem ser consideradas bandas cover e n\u00e3o t\u00eam nenhuma liga\u00e7\u00e3o com nossas m\u00fasicas ou vocais.&quot;.<\/p>\n<p> \u00ab&quot;Como voc\u00ea pode fingir ser o Milli Vanilli se o Milli Vanilli fingia ser o Milli Vanilli?&quot;, brincou Kimmel, referindo-se \u00e0s infames performances de m\u00edmica da dupla.<\/p>\n<p> Kimmel concluiu: &quot;Que concerto ser\u00e1 este! Eles estragam tudo o que fazem. N\u00e3o conseguem fazer nada!&quot;\u00ab <\/p>\n<p> Voc\u00ea pode assistir ao discurso de abertura completo de Kimmel no v\u00eddeo acima e compartilhar suas opini\u00f5es nos coment\u00e1rios abaixo.<\/p>\n<p> <em><strong>O programa do Jimmy Kimmel!,<\/strong><\/em> <strong>De segunda a sexta, \u00e0s 23h35 (hor\u00e1rio central), na ABC.<\/strong><\/p>\n<p> Leia as \u00faltimas not\u00edcias do mundo do entretenimento no TV Insider. .<\/p>","protected":false},"excerpt":{"rendered":"<p>Na quinta-feira (28 de maio), Jimmy Kimmel deu boas risadas sobre a Feira Estadual Americana Freedom 250, que viu v\u00e1rias atra\u00e7\u00f5es principais cancelarem sua participa\u00e7\u00e3o. &quot;Eles tamb\u00e9m...<\/p>","protected":false},"author":1,"featured_media":337,"comment_status":"open","ping_status":"closed","sticky":false,"template":"","format":"standard","meta":{"footnotes":""},"categories":[6],"tags":[],"class_list":["post-336","post","type-post","status-publish","format-standard","has-post-thumbnail","hentry","category-kinoindustriya","hvn-theme-has-thumbnail"],"_links":{"self":[{"href":"https:\/\/imgist.ru\/pt\/wp-json\/wp\/v2\/posts\/336","targetHints":{"allow":["GET"]}}],"collection":[{"href":"https:\/\/imgist.ru\/pt\/wp-json\/wp\/v2\/posts"}],"about":[{"href":"https:\/\/imgist.ru\/pt\/wp-json\/wp\/v2\/types\/post"}],"author":[{"embeddable":true,"href":"https:\/\/imgist.ru\/pt\/wp-json\/wp\/v2\/users\/1"}],"replies":[{"embeddable":true,"href":"https:\/\/imgist.ru\/pt\/wp-json\/wp\/v2\/comments?post=336"}],"version-history":[{"count":0,"href":"https:\/\/imgist.ru\/pt\/wp-json\/wp\/v2\/posts\/336\/revisions"}],"wp:featuredmedia":[{"embeddable":true,"href":"https:\/\/imgist.ru\/pt\/wp-json\/wp\/v2\/media\/337"}],"wp:attachment":[{"href":"https:\/\/imgist.ru\/pt\/wp-json\/wp\/v2\/media?parent=336"}],"wp:term":[{"taxonomy":"category","embeddable":true,"href":"https:\/\/imgist.ru\/pt\/wp-json\/wp\/v2\/categories?post=336"},{"taxonomy":"post_tag","embeddable":true,"href":"https:\/\/imgist.ru\/pt\/wp-json\/wp\/v2\/tags?post=336"}],"curies":[{"name":"wp","href":"https:\/\/api.w.org\/{rel}","templated":true}]}}