{"id":3658,"date":"2026-05-31T20:00:38","date_gmt":"2026-05-31T17:00:38","guid":{"rendered":"https:\/\/imgist.ru\/el-nino-protiv-la-ninya-kak-peremeny-nastroeniya-v-tihookeanskom-regione-menyayut-sezony-serfinga\/"},"modified":"2026-08-24T15:13:02","modified_gmt":"2026-08-24T12:13:02","slug":"el-nino-vs-la-nina-como-as-oscilacoes-de-humor-na-regiao-do-pacifico-estao-mudando-as-temporadas-de-surfe","status":"publish","type":"post","link":"https:\/\/imgist.ru\/pt\/el-nino-protiv-la-ninya-kak-peremeny-nastroeniya-v-tihookeanskom-regione-menyayut-sezony-serfinga\/","title":{"rendered":"El Ni\u00f1o vs. La Ni\u00f1a: Como as oscila\u00e7\u00f5es de humor no Pac\u00edfico est\u00e3o mudando as temporadas de surfe"},"content":{"rendered":"<p>El Ni\u00f1o e La Ni\u00f1a s\u00e3o duas fases distintas de aquecimento e resfriamento no Oceano Pac\u00edfico. Essa flutua\u00e7\u00e3o de temperatura tem um efeito polarizador nas zonas costeiras ao redor do mundo, dependendo da fase do oceano.<\/p>\n<p> El Ni\u00f1o \u00e9 um fen\u00f4meno em que uma massa de \u00e1gua quente no Oceano Pac\u00edfico se aquece, enquanto La Ni\u00f1a ocorre quando as temperaturas oce\u00e2nicas est\u00e3o significativamente mais frias do que a m\u00e9dia. Isso \u00e9 chamado de ciclo ENSO (El Ni\u00f1o-Oscila\u00e7\u00e3o Sul) e \u00e9 um fen\u00f4meno clim\u00e1tico espec\u00edfico do Oceano Pac\u00edfico. Mas o que significam, de fato, as duas fases do ciclo?<\/p>\n<h2> O que \u00e9 o ciclo ENSO?<\/h2>\n<p> O ciclo ENSO \u00e9 uma escala vari\u00e1vel de temperatura da \u00e1gua no Oceano Pac\u00edfico que determina, em grande parte, os padr\u00f5es clim\u00e1ticos em todo o mundo.<\/p>\n<p> O ciclo El Ni\u00f1o dura aproximadamente de dois a sete anos, causando altera\u00e7\u00f5es nas temperaturas da superf\u00edcie do mar e na press\u00e3o atmosf\u00e9rica no Oceano Pac\u00edfico.<\/p>\n<p> Existem tr\u00eas fases: El Ni\u00f1o, quando as temperaturas do oceano est\u00e3o significativamente acima da m\u00e9dia; La Ni\u00f1a, quando as temperaturas da \u00e1gua est\u00e3o abaixo da m\u00e9dia; e a fase neutra do ENSO, o per\u00edodo normal em que as temperaturas da \u00e1gua est\u00e3o pr\u00f3ximas da m\u00e9dia.<\/p>\n<p> O impacto do ciclo ENSO vai muito al\u00e9m do potencial para boas ondas para o surfe. Esse fator clim\u00e1tico pode afetar a agricultura em todo o mundo, a pesca e os padr\u00f5es clim\u00e1ticos sazonais. <\/p>\n<p>&lt;img","protected":false},"excerpt":{"rendered":"<p>El Ni\u00f1o e La Ni\u00f1a s\u00e3o duas fases distintas de aquecimento e resfriamento no Oceano Pac\u00edfico. Essa flutua\u00e7\u00e3o de temperatura tem um efeito polarizador nas zonas costeiras ao redor do mundo\u2026<\/p>","protected":false},"author":1,"featured_media":3659,"comment_status":"open","ping_status":"closed","sticky":false,"template":"","format":"standard","meta":{"footnotes":""},"categories":[2],"tags":[],"class_list":["post-3658","post","type-post","status-publish","format-standard","has-post-thumbnail","hentry","category-news","hvn-theme-has-thumbnail"],"_links":{"self":[{"href":"https:\/\/imgist.ru\/pt\/wp-json\/wp\/v2\/posts\/3658","targetHints":{"allow":["GET"]}}],"collection":[{"href":"https:\/\/imgist.ru\/pt\/wp-json\/wp\/v2\/posts"}],"about":[{"href":"https:\/\/imgist.ru\/pt\/wp-json\/wp\/v2\/types\/post"}],"author":[{"embeddable":true,"href":"https:\/\/imgist.ru\/pt\/wp-json\/wp\/v2\/users\/1"}],"replies":[{"embeddable":true,"href":"https:\/\/imgist.ru\/pt\/wp-json\/wp\/v2\/comments?post=3658"}],"version-history":[{"count":1,"href":"https:\/\/imgist.ru\/pt\/wp-json\/wp\/v2\/posts\/3658\/revisions"}],"predecessor-version":[{"id":141653,"href":"https:\/\/imgist.ru\/pt\/wp-json\/wp\/v2\/posts\/3658\/revisions\/141653"}],"wp:featuredmedia":[{"embeddable":true,"href":"https:\/\/imgist.ru\/pt\/wp-json\/wp\/v2\/media\/3659"}],"wp:attachment":[{"href":"https:\/\/imgist.ru\/pt\/wp-json\/wp\/v2\/media?parent=3658"}],"wp:term":[{"taxonomy":"category","embeddable":true,"href":"https:\/\/imgist.ru\/pt\/wp-json\/wp\/v2\/categories?post=3658"},{"taxonomy":"post_tag","embeddable":true,"href":"https:\/\/imgist.ru\/pt\/wp-json\/wp\/v2\/tags?post=3658"}],"curies":[{"name":"wp","href":"https:\/\/api.w.org\/{rel}","templated":true}]}}