{"id":434,"date":"2026-05-29T17:48:19","date_gmt":"2026-05-29T14:48:19","guid":{"rendered":"https:\/\/imgist.ru\/82-letnij-barri-manilou-otkrovenno-rasskazal-o-prebyvanii-v-reanimaczii-s-pnevmoniej-kotoraya-byla-na-grani-smerti\/"},"modified":"2026-08-24T14:23:55","modified_gmt":"2026-08-24T11:23:55","slug":"barry-manilou-de-82-anos-falou-abertamente-sobre-sua-internacao-na-uti-devido-a-uma-pneumonia-que-o-levou-a-beira-da-morte","status":"publish","type":"post","link":"https:\/\/imgist.ru\/pt\/82-letnij-barri-manilou-otkrovenno-rasskazal-o-prebyvanii-v-reanimaczii-s-pnevmoniej-kotoraya-byla-na-grani-smerti\/","title":{"rendered":"Barry Manilow, de 82 anos, falou abertamente sobre o per\u00edodo em que esteve na UTI devido a uma pneumonia, que o deixou &quot;\u00e0 beira da morte&quot;."},"content":{"rendered":"<p>Barry Manilow compartilhou novos detalhes sobre seu diagn\u00f3stico e recupera\u00e7\u00e3o do c\u00e2ncer de pulm\u00e3o. .<\/p>\n<p> O cantor de &quot;Copacabana&quot;, de 82 anos, anunciou seu diagn\u00f3stico em dezembro, afirmando que a doen\u00e7a foi &quot;detectada precocemente&quot;. Ele passou por uma cirurgia para remover um tumor no pulm\u00e3o esquerdo, o que o obrigou a adiar suas apresenta\u00e7\u00f5es em Las Vegas e v\u00e1rios outros shows j\u00e1 agendados enquanto se recuperava.<\/p>\n<p> No entanto, parte de sua recupera\u00e7\u00e3o p\u00f3s-operat\u00f3ria incluiu uma interna\u00e7\u00e3o de sete dias na unidade de terapia intensiva, durante a qual ele contraiu pneumonia sem saber. <\/p>\n<p> \u00ab&quot;Eu n\u00e3o sabia nada sobre pneumonia&quot;, disse a cantora a Chris Connelly no an\u00fancio de uma nova entrevista para o programa. <em>\u00abBom dia Am\u00e9rica\u00bb<\/em> . &quot;Passei sete dias na UTI porque os m\u00e9dicos n\u00e3o conseguiam diagnosticar essa pneumonia que quase me matou.&quot;.<\/p>\n<p> No entanto, Manilow afirma que est\u00e1 se recuperando. <\/p>\n<p> Barry Manilow compartilhou uma atualiza\u00e7\u00e3o sobre sua sa\u00fade ap\u00f3s ser diagnosticado com c\u00e2ncer de pulm\u00e3o em dezembro (Good Morning America).<\/p>\n<p> \u00ab&quot;Estou bem. Estou bem&quot;, disse Manilow quando questionado sobre sua sa\u00fade. &quot;Levei mais tempo do que imaginava para superar o c\u00e2ncer de pulm\u00e3o.&quot;.<\/p>\n<p> Desde o in\u00edcio do ano, Manilow tem anunciado repetidamente o adiamento de seus shows enquanto continua sua recupera\u00e7\u00e3o. Ele descreveu uma consulta m\u00e9dica em fevereiro, antes de seu esperado retorno aos palcos, como &quot;muito deprimente&quot;. Apesar de se exercitar na esteira tr\u00eas vezes ao dia em prepara\u00e7\u00e3o para seus pr\u00f3ximos shows em arenas, o cirurgi\u00e3o o aconselhou a adiar a retomada dos shows previamente adiados. <\/p>\n<p> Em mar\u00e7o, em entrevista \u00e0 revista <em>Pessoas<\/em> Manilow descreveu a experi\u00eancia como um &quot;pesadelo&quot;. Mas ele tamb\u00e9m encontrou um lado positivo na situa\u00e7\u00e3o sombria.<\/p>\n<p> \u00ab&quot;Tenho sorte; n\u00e3o preciso passar por quimioterapia, radioterapia e tudo isso&quot;, disse ele.<\/p>\n<p> Todos esses acontecimentos obrigaram Manilow a repensar sua vida.<\/p>\n<p> \u00ab&quot;Isso me fez parar e pensar: fiz o que queria e fiz as pessoas felizes? Fui um bom amigo?&quot;, refletiu ele em uma entrevista. <em>Pessoas.<\/em> \u00ab&quot;Todas essas coisas triviais que li a vida toda me fizeram pensar nisso tamb\u00e9m. Realmente me fizeram parar para refletir.&quot;.<\/p>\n<p> \u00ab&quot;E as respostas para todas as perguntas s\u00e3o sim. E, francamente, h\u00e1 muito mais respostas afirmativas do que eu jamais imaginei.&quot;. <\/p>\n<p> A carreira do artista vencedor do Grammy abrange mais de seis d\u00e9cadas, durante as quais ele lan\u00e7ou mais de 30 \u00e1lbuns de est\u00fadio, incluindo <em>\u00abMesmo agora\u00bb<\/em> Em 1978, foi lan\u00e7ado seu maior sucesso, &quot;Copacabana&quot;, al\u00e9m de tr\u00eas outros singles importantes: &quot;Even Now&quot;, &quot;Can&#039;t Smile Without You&quot; e &quot;Somewhere in the Night&quot;. Outros sucessos de Manilow incluem &quot;Mandy&quot;, &quot;Somewhere Down the Road&quot; e &quot;Could It Be Magic&quot;.<\/p>\n<p> Seu site lista atualmente datas de turn\u00ea, intituladas &quot;\u00daltimos Shows&quot;, de junho a janeiro de 2027.<\/p>","protected":false},"excerpt":{"rendered":"<p>Barry Manilow compartilhou novos detalhes sobre seu diagn\u00f3stico e recupera\u00e7\u00e3o de c\u00e2ncer de pulm\u00e3o. O cantor de 82 anos, famoso pelo hit &quot;Copacabana&quot;, anunciou seu diagn\u00f3stico\u2026<\/p>","protected":false},"author":1,"featured_media":435,"comment_status":"open","ping_status":"closed","sticky":false,"template":"","format":"standard","meta":{"footnotes":""},"categories":[7],"tags":[],"class_list":["post-434","post","type-post","status-publish","format-standard","has-post-thumbnail","hentry","category-muzyka","hvn-theme-has-thumbnail"],"_links":{"self":[{"href":"https:\/\/imgist.ru\/pt\/wp-json\/wp\/v2\/posts\/434","targetHints":{"allow":["GET"]}}],"collection":[{"href":"https:\/\/imgist.ru\/pt\/wp-json\/wp\/v2\/posts"}],"about":[{"href":"https:\/\/imgist.ru\/pt\/wp-json\/wp\/v2\/types\/post"}],"author":[{"embeddable":true,"href":"https:\/\/imgist.ru\/pt\/wp-json\/wp\/v2\/users\/1"}],"replies":[{"embeddable":true,"href":"https:\/\/imgist.ru\/pt\/wp-json\/wp\/v2\/comments?post=434"}],"version-history":[{"count":1,"href":"https:\/\/imgist.ru\/pt\/wp-json\/wp\/v2\/posts\/434\/revisions"}],"predecessor-version":[{"id":141190,"href":"https:\/\/imgist.ru\/pt\/wp-json\/wp\/v2\/posts\/434\/revisions\/141190"}],"wp:featuredmedia":[{"embeddable":true,"href":"https:\/\/imgist.ru\/pt\/wp-json\/wp\/v2\/media\/435"}],"wp:attachment":[{"href":"https:\/\/imgist.ru\/pt\/wp-json\/wp\/v2\/media?parent=434"}],"wp:term":[{"taxonomy":"category","embeddable":true,"href":"https:\/\/imgist.ru\/pt\/wp-json\/wp\/v2\/categories?post=434"},{"taxonomy":"post_tag","embeddable":true,"href":"https:\/\/imgist.ru\/pt\/wp-json\/wp\/v2\/tags?post=434"}],"curies":[{"name":"wp","href":"https:\/\/api.w.org\/{rel}","templated":true}]}}