{"id":4915,"date":"2026-06-01T16:03:29","date_gmt":"2026-06-01T13:03:29","guid":{"rendered":"https:\/\/imgist.ru\/izrailskij-muzykant-jonatan-razel-gospitalizirovan-ego-sostoyanie-stabilnoe-posle-krovoizliyaniya-v-mozg\/"},"modified":"2026-08-29T11:42:28","modified_gmt":"2026-08-29T08:42:28","slug":"o-musico-israelense-jonathan-razel-foi-hospitalizado-em-condicao-estavel-apos-sofrer-uma-hemorragia-cerebral","status":"publish","type":"post","link":"https:\/\/imgist.ru\/pt\/izrailskij-muzykant-jonatan-razel-gospitalizirovan-ego-sostoyanie-stabilnoe-posle-krovoizliyaniya-v-mozg\/","title":{"rendered":"O m\u00fasico israelense Yonatan Razel foi hospitalizado e encontra-se em condi\u00e7\u00e3o est\u00e1vel ap\u00f3s sofrer uma hemorragia cerebral."},"content":{"rendered":"<p>Ele iniciou sua carreira musical na adolesc\u00eancia, em uma banda familiar com seus irm\u00e3os. Ap\u00f3s se alistar nas For\u00e7as de Defesa de Israel como um m\u00fasico de destaque, atuou como arranjador na banda militar.<\/p>\n<p> O artista israelense Yonatan Razel, 53 anos, est\u00e1 consciente e em condi\u00e7\u00e3o est\u00e1vel ap\u00f3s sofrer uma hemorragia cerebral, anunciou o Centro M\u00e9dico Shaare Zedek de Jerusal\u00e9m na segunda-feira.<\/p>\n<p> \u00ab&quot;O estado de sa\u00fade de Yonatan \u00e9 est\u00e1vel e somos gratos pelas muitas ora\u00e7\u00f5es por sua recupera\u00e7\u00e3o. Pedimos que as pessoas continuem orando por sua recupera\u00e7\u00e3o&quot;, disse a fam\u00edlia em um comunicado.<\/p>\n<p> A fam\u00edlia pediu ora\u00e7\u00f5es e acrescentou que n\u00e3o tinha interesse em conceder entrevistas \u00e0 imprensa neste momento.<\/p>\n<p> Razel \u00e9 cantor, compositor, pianista, letrista e arranjador. Sua m\u00fasica conquistou amplo reconhecimento na sociedade israelense, atraindo p\u00fablicos seculares, religiosos e haredi (ultraortodoxos).<\/p>\n<p> Ele iniciou sua carreira musical na adolesc\u00eancia, em uma banda familiar com seus irm\u00e3os. Ap\u00f3s se alistar nas For\u00e7as de Defesa de Israel como um m\u00fasico de destaque, atuou como arranjador na banda militar. <\/p>\n<p> M\u00fasico israelense Jonathan Razel. 23 de outubro de 2024. (Foto: FLASH90)<\/p>\n<p> Ap\u00f3s servir no ex\u00e9rcito, estudou reg\u00eancia e trabalhou com a Orquestra de C\u00e2mara de Israel e a Orquestra Sinf\u00f4nica de Raanana.<\/p>\n<h3> Razel dedicou toda a sua vida \u00e0 m\u00fasica.<\/h3>\n<p> Em determinado momento, Razel se afastou da m\u00fasica, mudou-se para a comunidade de Susiya (um assentamento judaico), trabalhou como pastor e estudou psicologia.<\/p>\n<p> Seu \u00e1lbum de estreia, <em>Sach Hakol<\/em> (Tudo em Geral), foi lan\u00e7ado em 2007 e produzido por Eviatar Banai. O segundo \u00e1lbum, <em>Bein Ha&#039;tzlilim<\/em> (Between the Sounds) recebeu o certificado de ouro e incluiu as populares can\u00e7\u00f5es &quot;\u00ab <em>Katonti<\/em> \u00bb&quot;e a faixa-t\u00edtulo. O terceiro \u00e1lbum, <em>Poteach Lev<\/em> (Abrindo o Cora\u00e7\u00e3o) foi lan\u00e7ado em 2017.<\/p>\n<p> Sua can\u00e7\u00e3o &quot;\u00ab <em>Va&#039;ani Ashir<\/em> \u00bb&quot;, interpretada com Shuli Rand, foi eleita Can\u00e7\u00e3o do Ano pela ACUM em 2013.<\/p>\n<p> Razel manteve-se ativo nos \u00faltimos anos. Em junho de 2024, participou da grava\u00e7\u00e3o do single. <em>\u00ab&quot;Aleluia&quot;\u00bb<\/em> Moshe Peretz, e em dezembro do mesmo ano ele lan\u00e7ou singles <em>\u00abAna Avda\u00bb<\/em> \u0438 <em>\u00abKama Tov BeIsrael.<\/em><\/p>","protected":false},"excerpt":{"rendered":"<p>Ele iniciou sua carreira musical na adolesc\u00eancia, em uma banda familiar com seus irm\u00e3os. Ap\u00f3s se alistar nas For\u00e7as de Defesa de Israel\u2026<\/p>","protected":false},"author":1,"featured_media":4916,"comment_status":"open","ping_status":"closed","sticky":false,"template":"","format":"standard","meta":{"footnotes":""},"categories":[7],"tags":[],"class_list":["post-4915","post","type-post","status-publish","format-standard","has-post-thumbnail","hentry","category-muzyka","hvn-theme-has-thumbnail"],"_links":{"self":[{"href":"https:\/\/imgist.ru\/pt\/wp-json\/wp\/v2\/posts\/4915","targetHints":{"allow":["GET"]}}],"collection":[{"href":"https:\/\/imgist.ru\/pt\/wp-json\/wp\/v2\/posts"}],"about":[{"href":"https:\/\/imgist.ru\/pt\/wp-json\/wp\/v2\/types\/post"}],"author":[{"embeddable":true,"href":"https:\/\/imgist.ru\/pt\/wp-json\/wp\/v2\/users\/1"}],"replies":[{"embeddable":true,"href":"https:\/\/imgist.ru\/pt\/wp-json\/wp\/v2\/comments?post=4915"}],"version-history":[{"count":1,"href":"https:\/\/imgist.ru\/pt\/wp-json\/wp\/v2\/posts\/4915\/revisions"}],"predecessor-version":[{"id":148595,"href":"https:\/\/imgist.ru\/pt\/wp-json\/wp\/v2\/posts\/4915\/revisions\/148595"}],"wp:featuredmedia":[{"embeddable":true,"href":"https:\/\/imgist.ru\/pt\/wp-json\/wp\/v2\/media\/4916"}],"wp:attachment":[{"href":"https:\/\/imgist.ru\/pt\/wp-json\/wp\/v2\/media?parent=4915"}],"wp:term":[{"taxonomy":"category","embeddable":true,"href":"https:\/\/imgist.ru\/pt\/wp-json\/wp\/v2\/categories?post=4915"},{"taxonomy":"post_tag","embeddable":true,"href":"https:\/\/imgist.ru\/pt\/wp-json\/wp\/v2\/tags?post=4915"}],"curies":[{"name":"wp","href":"https:\/\/api.w.org\/{rel}","templated":true}]}}