{"id":581,"date":"2026-01-22T05:47:14","date_gmt":"2026-01-22T02:47:14","guid":{"rendered":"http:\/\/aleksawn.bget.ru\/drugie\/stihi-pro-muzyku.html"},"modified":"2026-08-24T13:20:58","modified_gmt":"2026-08-24T10:20:58","slug":"poemas-sobre-musica","status":"publish","type":"post","link":"https:\/\/imgist.ru\/pt\/stihi-pro-muzyku\/","title":{"rendered":"Poemas sobre m\u00fasica: sobre inspira\u00e7\u00e3o, notas e sentimentos da alma"},"content":{"rendered":"<p>A m\u00fasica pode falar por n\u00f3s: quando as palavras falham, a melodia encontra o tom certo e a pausa perfeita. Nestes poemas, ela alterna entre o ru\u00eddo urbano nos fones de ouvido, um piano dom\u00e9stico e o jazz estridente das ruas noturnas. H\u00e1 a alegria da primeira can\u00e7\u00e3o, a tristeza silenciosa do \u00faltimo acorde e a energia do palco, onde seu cora\u00e7\u00e3o bate em sincronia com a plateia. A cole\u00e7\u00e3o \u00e9 organizada de forma que cada minihist\u00f3ria soe \u00fanica, mas juntas formam uma longa faixa musical. Percorra a lista \u2014 e ou\u00e7a com os olhos.<\/p>\n<div class=\"poems\">\n<div class=\"poem\" data-poem=\"1\">\n<h2>Anota\u00e7\u00f5es na palma da m\u00e3o<\/h2>\n<pre class=\"poem-text\">\nVou segurar as notas na palma da minha m\u00e3o \u2014 aquec\u00ea-las, e elas voar\u00e3o sem esfor\u00e7o acima do sil\u00eancio. A m\u00fasica n\u00e3o surge por des\u00edgnio de ningu\u00e9m \u2014 ela simplesmente deixa uma marca brilhante no cora\u00e7\u00e3o. Em cada som h\u00e1 caminhos, janelas e amanheceres, como se o mundo se tornasse mais gentil por um instante. E marcas vivas flutuam pelos c\u00f4modos \u2014 can\u00e7\u00f5es, como a respira\u00e7\u00e3o, sem o &quot;ei&quot; desnecess\u00e1rio. <\/pre>\n<\/p><\/div>\n<div class=\"poem\" data-poem=\"2\">\n<h2>Orquestra da Chuva<\/h2>\n<pre class=\"poem-text\">\nA chuva no telhado \u00e9 o baterista, e o dia \u00e9 o maestro. Um violino desliza pelo vidro, tremendo no sil\u00eancio. E um coro invis\u00edvel, e uma disputa invis\u00edvel, se re\u00fanem nas mesmas profundezas. Port\u00f5es cantam, vielas assobiam, tr\u00f3lebus arrastam uma melodia prolongada. Eu caminho, e as gotas parecem voar, captando meu ritmo, meu simples recitativo. Se estou triste, que assim seja, isso tamb\u00e9m \u00e9 um timbre, cont\u00e9m a verdade sem m\u00e1scaras, sem vit\u00f3rias retumbantes. A m\u00fasica \u00e9 meu novembro acolhedor e salvador, onde cada sussurro tem sua pr\u00f3pria pessoa. <\/pre>\n<\/p><\/div>\n<div class=\"poem\" data-poem=\"3\">\n<h2>Piano antigo<\/h2>\n<pre class=\"poem-text\">\nO piano antigo no canto est\u00e1 silencioso, mas toque nele \u2014 ele ganha vida, respira. E o passado ressoa como um fio t\u00eanue, e em algum lugar distante, mais perto e mais alto. As teclas lembram palmas mais quentes que o fogo, sussurros em fam\u00edlia e risos na soleira da porta. Eu escuto \u2014 e compreendo: a m\u00fasica est\u00e1 me guiando pela estrada novamente. <\/pre>\n<\/p><\/div>\n<div class=\"poem\" data-poem=\"4\">\n<h2>Jazz noturno<\/h2>\n<pre class=\"poem-text\">\nO jazz vespertino endireitava seu manto escuro e sa\u00eda para a avenida, onde os postes de luz estavam cobertos de orvalho. O saxofone, como uma conversa sem frases desnecess\u00e1rias, me mantinha em uma linha t\u00eanue. A bateria era como um cora\u00e7\u00e3o em um punho, o contrabaixo como um passo confiante e firme. E a cidade, dissolvendo-se na dist\u00e2ncia, tornava-se livre e amorosa. Ouvi como a desgra\u00e7a se transforma, como a amargura se converte em h\u00e1bito. E compreendi: a melodia \u00e9 \u00e1gua, encontra uma fenda e apaga o f\u00f3sforo. <\/pre>\n<\/p><\/div>\n<div class=\"poem\" data-poem=\"5\">\n<h2>Fones de ouvido<\/h2>\n<pre class=\"poem-text\">\nExiste um continente \u00e0 parte nos meus fones de ouvido, onde a neve e o sol se encontram sem conflito. Cada grito agudo e aleat\u00f3rio meu se transforma em uma melodia direta e precisa. Caminho pelo dia, e a rua vibra, mas no meu cora\u00e7\u00e3o h\u00e1 um sal\u00e3o limpo e um holofote. A m\u00fasica n\u00e3o me dar\u00e1 serm\u00e3o, ela me compreender\u00e1 \u2014 e n\u00e3o perguntar\u00e1: &quot;Quem \u00e9 voc\u00ea?&quot;. <\/pre>\n<\/p><\/div>\n<div class=\"poem\" data-poem=\"6\">\n<h2>Primeira m\u00fasica<\/h2>\n<pre class=\"poem-text\">\nLembro-me da primeira can\u00e7\u00e3o \u2014 uma melodia desajeitada, como se a primavera estivesse aprendendo a manter o equil\u00edbrio. Cantei-a baixinho, sem ainda conhecer o futuro, e as paredes escutavam, como a floresta e a vegeta\u00e7\u00e3o rasteira escutam. As palavras gaguejavam, mas havia pureza nelas, n\u00e3o havia pose, nem raz\u00e3o astuta. E de repente, uma chama dourada come\u00e7ava a brilhar dentro de mim \u2014 a melodia fortalecia e expandia o cora\u00e7\u00e3o. Desde ent\u00e3o, tenho buscado aquele fogo puro e inicial, no qual a felicidade e o medo n\u00e3o interferem um no outro. A m\u00fasica \u00e9 uma palma que repousa sobre a dor e te ensina a respirar, escolhendo a fuga certa. <\/pre>\n<\/p><\/div>\n<div class=\"poem\" data-poem=\"7\">\n<h2>Cordas<\/h2>\n<pre class=\"poem-text\">\nUm viol\u00e3o em sil\u00eancio \u00e9 como uma conversa consigo mesmo. Suas cordas vibram, e o ar se suaviza. E cada som se torna um caminho, por onde eu caminho \u2014 mais calmo e mais rico. Que o mundo ruga, que discuta e se apresse, encontro apoio nessas sete cordas. A m\u00fasica n\u00e3o exige granito \u2014 ela me d\u00e1 puro espa\u00e7o. <\/pre>\n<\/p><\/div>\n<div class=\"poem\" data-poem=\"8\">\n<h2>Sala de concertos<\/h2>\n<pre class=\"poem-text\">\nA sala de concertos escurece, como uma carta aberta tarde demais. E o sil\u00eancio \u00e9 uma tela espessa, onde cada respira\u00e7\u00e3o se torna s\u00e9ria. O arco voa \u2014 e o fogo nasce, n\u00e3o h\u00e1 acaso nele, apenas precis\u00e3o e liberdade. E de repente eu entendo: somos a palma de um grande firmamento ressonante. Os aplausos n\u00e3o s\u00e3o ru\u00eddo, mas um sinal compartilhado de que estamos vivos, de que sabemos ouvir. E a m\u00fasica, como o farol mais fiel, nos guia para casa, sem exigir destrui\u00e7\u00e3o. <\/pre>\n<\/p><\/div>\n<div class=\"poem\" data-poem=\"9\">\n<h2>Tom do dia<\/h2>\n<pre class=\"poem-text\">\nCada dia tem sua pr\u00f3pria tonalidade, seu riso maior e seu tra\u00e7o menor. E at\u00e9 mesmo o cansa\u00e7o n\u00e3o \u00e9 uma coincid\u00eancia, mas um acorde silencioso que guarda a resposta. Quando me sinto confuso, quando me sinto apertado, ou\u00e7o uma estrutura invis\u00edvel dentro de mim. A m\u00fasica sussurra: &quot;Respire adequadamente&quot; - e o mundo se torna um pouco meu. <\/pre>\n<\/p><\/div>\n<div class=\"poem\" data-poem=\"10\">\n<h2>Placa<\/h2>\n<pre class=\"poem-text\">\nUm disco antigo farfalha como chuva, e nesse farfalhar est\u00e3o anos e rostos. Voc\u00ea coloca a agulha no toca-discos \u2014 e n\u00e3o vai embora, at\u00e9 que o p\u00e1ssaro-melodia solte. Ele voa de apartamentos distantes, onde o ch\u00e1 esfriou e as janelas brilhavam. E todo esse mundo fr\u00e1gil e acolhedor reaparece atrav\u00e9s dos estalos e redemoinhos. Sua conversa pode n\u00e3o ser perfeita, mas est\u00e1 viva, como a respira\u00e7\u00e3o na palma das suas m\u00e3os. A m\u00fasica cura tanto quanto sustenta \u2014 ela nos devolve aos tons fi\u00e9is. <\/pre>\n<\/p><\/div>\n<div class=\"poem\" data-poem=\"11\">\n<h2>Metr\u00f4nomo<\/h2>\n<pre class=\"poem-text\">\nO metr\u00f4nomo mede os segundos com precis\u00e3o, como se nos ensinasse a n\u00e3o cair de grandes alturas. E se a alma se torna prolixa demais, ele nos reconduz ao simples: seguir em frente. Tic-tac \u00e9 um passo, tac-tac \u00e9 outro passo, e nessa ordem reside uma for\u00e7a silenciosa. A m\u00fasica sabe: qualquer escurid\u00e3o que voc\u00ea experimente \u00e9 suportada se voc\u00ea se apegar ao que \u00e9 palp\u00e1vel. <\/pre>\n<\/p><\/div>\n<div class=\"poem\" data-poem=\"12\">\n<h2>Coro das Ruas<\/h2>\n<pre class=\"poem-text\">\nQuando a cidade desperta, ela canta, n\u00e3o com notas, n\u00e3o, mas com o movimento da luz. Ali, um guindaste faz uma curva prolongada, ali, o riso se desfaz no ver\u00e3o aberto. Ali, os mercados zumbem, ali, os bondes tilintam, e as portas de entrada rangem como violas. E eu entendo: n\u00e3o s\u00e3o as palavras que me protegem, mas escolas r\u00edtmicas e fi\u00e9is. Ou\u00e7o uma melodia cautelosa na multid\u00e3o, como se f\u00f4ssemos todos um conjunto comum. E a m\u00fasica sussurra: &quot;N\u00e3o se apresse, voc\u00ea tamb\u00e9m faz parte do coro, voc\u00ea tamb\u00e9m, talvez.&quot;. <\/pre>\n<\/p><\/div>\n<div class=\"poem\" data-poem=\"13\">\n<h2>Ensaio noturno<\/h2>\n<pre class=\"poem-text\">\nUm ensaio noturno \u2014 a janela est\u00e1 iluminada, e os sons se perdem na penumbra do p\u00e1tio. Ali, algu\u00e9m busca o ritmo certo, como se buscasse a verdade at\u00e9 o amanhecer. Eu escuto \u2014 e meu peito se aquece, embora seja inverno ao redor e o vento seja raro. A m\u00fasica diz: &quot;V\u00e1, enquanto a luz ainda brilha dentro de voc\u00ea.&quot;. <\/pre>\n<\/p><\/div>\n<div class=\"poem\" data-poem=\"14\">\n<h2>Ap\u00f3s o \u00faltimo acorde<\/h2>\n<pre class=\"poem-text\">\nAp\u00f3s o \u00faltimo acorde, o sil\u00eancio se ergue como o mar, calmo e austero. E parece que uma guerra interior terminou, e uma jornada come\u00e7ou. As palavras falham \u2014 precisam descansar, humilham-se como velas na soleira. E o essencial permanece: inspirar e reter o calor na palma da m\u00e3o. Que o dia traga de volta as preocupa\u00e7\u00f5es e os neg\u00f3cios, que a pressa e a convencionalidade retornem. A m\u00fasica trouxe meu cora\u00e7\u00e3o \u2014 e eu a aprecio, como a honestidade e a prontid\u00e3o. <\/pre>\n<\/p><\/div>\n<div class=\"poem\" data-poem=\"15\">\n<h2>Escute o mundo<\/h2>\n<pre class=\"poem-text\">\nEstou aprendendo uma arte simples com a m\u00fasica: ouvir o mundo sem interromper os sons. E se um dia eu cair, ela me dar\u00e1 o ritmo, como as m\u00e3os de algu\u00e9m. Em suas melodias h\u00e1 alegria e tristeza, mas tudo est\u00e1 em seu devido lugar, nada \u00e9 em v\u00e3o. A m\u00fasica \u00e9 meu grande ref\u00fagio, onde at\u00e9 o sil\u00eancio soa belo. <\/pre>\n<\/p><\/div>\n<\/div>","protected":false},"excerpt":{"rendered":"<p>A m\u00fasica pode falar por n\u00f3s: quando as palavras falham, a melodia encontra o tom certo e a pausa perfeita. Nestes poemas, ela se torna o ru\u00eddo urbano de\u2026<\/p>","protected":false},"author":1,"featured_media":0,"comment_status":"open","ping_status":"open","sticky":false,"template":"","format":"standard","meta":{"footnotes":""},"categories":[59],"tags":[],"class_list":["post-581","post","type-post","status-publish","format-standard","hentry","category-stihi"],"_links":{"self":[{"href":"https:\/\/imgist.ru\/pt\/wp-json\/wp\/v2\/posts\/581","targetHints":{"allow":["GET"]}}],"collection":[{"href":"https:\/\/imgist.ru\/pt\/wp-json\/wp\/v2\/posts"}],"about":[{"href":"https:\/\/imgist.ru\/pt\/wp-json\/wp\/v2\/types\/post"}],"author":[{"embeddable":true,"href":"https:\/\/imgist.ru\/pt\/wp-json\/wp\/v2\/users\/1"}],"replies":[{"embeddable":true,"href":"https:\/\/imgist.ru\/pt\/wp-json\/wp\/v2\/comments?post=581"}],"version-history":[{"count":1,"href":"https:\/\/imgist.ru\/pt\/wp-json\/wp\/v2\/posts\/581\/revisions"}],"predecessor-version":[{"id":137839,"href":"https:\/\/imgist.ru\/pt\/wp-json\/wp\/v2\/posts\/581\/revisions\/137839"}],"wp:attachment":[{"href":"https:\/\/imgist.ru\/pt\/wp-json\/wp\/v2\/media?parent=581"}],"wp:term":[{"taxonomy":"category","embeddable":true,"href":"https:\/\/imgist.ru\/pt\/wp-json\/wp\/v2\/categories?post=581"},{"taxonomy":"post_tag","embeddable":true,"href":"https:\/\/imgist.ru\/pt\/wp-json\/wp\/v2\/tags?post=581"}],"curies":[{"name":"wp","href":"https:\/\/api.w.org\/{rel}","templated":true}]}}