{"id":6136,"date":"2026-06-02T00:21:06","date_gmt":"2026-06-01T21:21:06","guid":{"rendered":"https:\/\/imgist.ru\/na-novyh-fotografiyah-sdelannyh-v-chest-13-letiya-docheri-chenninga-tatuma-i-dzhenny-devan-everli-okazalas-vyshe-svoej-materi\/"},"modified":"2026-08-29T11:52:03","modified_gmt":"2026-08-29T08:52:03","slug":"em-novas-fotos-tiradas-para-o-aniversario-de-13-anos-de-channing-tatum-e-jenni-devan-everly-aparece-mais-alta-que-a-mae","status":"publish","type":"post","link":"https:\/\/imgist.ru\/pt\/na-novyh-fotografiyah-sdelannyh-v-chest-13-letiya-docheri-chenninga-tatuma-i-dzhenny-devan-everli-okazalas-vyshe-svoej-materi\/","title":{"rendered":"Em novas fotos tiradas para comemorar o anivers\u00e1rio de 13 anos da filha de Channing Tatum e Jenna Dewan, Everly aparece mais alta que a m\u00e3e."},"content":{"rendered":"<h3>A ess\u00eancia<\/h3>\n<ul>\n<li>\n<p> No dia 31 de maio, Everly, filha de Channing Tatum e Jenna Dewan, completou 13 anos.<\/p>\n<\/li>\n<li>\n<p> Para marcar a ocasi\u00e3o, Dewan publicou um carrossel de fotos da adolescente no Instagram.<\/p>\n<\/li>\n<li>\n<p> Novas fotos mostram que Everly j\u00e1 \u00e9 mais alta que sua m\u00e3e, que tem 157 cent\u00edmetros de altura.<\/p>\n<\/li>\n<\/ul>\n<p> A filha de Channing Tatum e Jenna Dewan, Everly, agora \u00e9 oficialmente uma adolescente! No dia 31 de maio, Dewan comemorou o anivers\u00e1rio de 13 anos da filha com uma postagem emocionante no Instagram repleta de fotos.<\/p>\n<p> Na capa, Dewan e sua filha mais velha posaram na praia, sorrindo amplamente. Everly era bem mais alta que a m\u00e3e, que tem 1,80m. Em outro v\u00eddeo, onde abra\u00e7a a m\u00e3e e a beija nos l\u00e1bios, a adolescente tamb\u00e9m era bem mais alta que Dewan. V\u00e1rias outras fotos mostram Everly ainda crian\u00e7a. <\/p>\n<p> Jenna Dewan e sua filha Everly. Foto: Jenna Dewan\/Instagram<\/p>\n<p> \u00ab&quot;Para minha Evie&quot;, Dewan come\u00e7ou a legenda de sua postagem no Instagram. &quot;13 \ud83e\udd2f Fico olhando para esse n\u00famero e me perguntando como \u00e9 poss\u00edvel.&quot;.<\/p>\n<p> \u00ab&quot;Parece que foi ontem que eu te embalava para dormir, e agora estou olhando para essa jovem incr\u00edvel diante de mim. O que eu mais amo em voc\u00ea n\u00e3o \u00e9 o que voc\u00ea conquistou, o qu\u00e3o talentosa voc\u00ea \u00e9, ou mesmo o qu\u00e3o criativa e brilhante voc\u00ea \u00e9... \u00c9 quem voc\u00ea \u00e9 quando ningu\u00e9m est\u00e1 olhando&quot;, acrescentou ela.<\/p>\n<p> Dewan, de 45 anos, escreveu que a empatia \u00e9 um dos &quot;maiores dons&quot; de sua filha e tamb\u00e9m elogiou a &quot;imagina\u00e7\u00e3o, o humor e o charme \u00fanico&quot; de Everly. <\/p>\n<p> Channing Tatum e sua filha Everly em 9 de setembro de 2025. Foto: Getty<\/p>\n<p> \u00ab&quot;Obrigada por me fazer m\u00e3e. Obrigada por me encontrar novamente nesta vida e trazer sua luz para esta fam\u00edlia. Voc\u00ea \u00e9 minha alma g\u00eamea. Obrigada por ser minha melhor amiga&quot;, concluiu a m\u00e3e de tr\u00eas filhos.<\/p>\n<p> Dewan e Tatum foram casados de 2009 a 2019 e tiveram uma \u00fanica filha, Everly. Desde ent\u00e3o, a atriz e dan\u00e7arina teve mais dois filhos com seu noivo, Steve Kazee. <\/p>\n<p> Everly, filha de Channing Tatum. Foto: Instagram\/Channing Tatum<\/p>\n<p> Em abril, Tatum publicou uma s\u00e9rie de fotos de Everly no Instagram*. Ele registrou o dia deles em uma feira com tem\u00e1tica renascentista, onde sua filha escolheu um vestido de corset com estampa de damasco para combinar.<\/p>\n<p> \u00ab&quot;Literalmente, todas as pessoas na Feira Renascentista s\u00e3o her\u00f3is deste mundo. Se ao menos todos pud\u00e9ssemos ser assim. Portar espadas e ser incrivelmente gentis uns com os outros&quot;, escreveu a estrela do filme.\u00bb <em>D\u00ea um passo \u00e0 frente&quot;\u00bb<\/em> .<\/p>\n<p> Leia o artigo original na InStyle.<\/p>","protected":false},"excerpt":{"rendered":"<p>No dia 31 de maio, Everly, filha de Channing Tatum e Jenna Dewan, completou 13 anos. Para comemorar, Dewan publicou uma s\u00e9rie de fotos em carrossel no Instagram\u2026<\/p>","protected":false},"author":1,"featured_media":6137,"comment_status":"open","ping_status":"closed","sticky":false,"template":"","format":"standard","meta":{"footnotes":""},"categories":[5],"tags":[],"class_list":["post-6136","post","type-post","status-publish","format-standard","has-post-thumbnail","hentry","category-selebriti","hvn-theme-has-thumbnail"],"_links":{"self":[{"href":"https:\/\/imgist.ru\/pt\/wp-json\/wp\/v2\/posts\/6136","targetHints":{"allow":["GET"]}}],"collection":[{"href":"https:\/\/imgist.ru\/pt\/wp-json\/wp\/v2\/posts"}],"about":[{"href":"https:\/\/imgist.ru\/pt\/wp-json\/wp\/v2\/types\/post"}],"author":[{"embeddable":true,"href":"https:\/\/imgist.ru\/pt\/wp-json\/wp\/v2\/users\/1"}],"replies":[{"embeddable":true,"href":"https:\/\/imgist.ru\/pt\/wp-json\/wp\/v2\/comments?post=6136"}],"version-history":[{"count":3,"href":"https:\/\/imgist.ru\/pt\/wp-json\/wp\/v2\/posts\/6136\/revisions"}],"predecessor-version":[{"id":150037,"href":"https:\/\/imgist.ru\/pt\/wp-json\/wp\/v2\/posts\/6136\/revisions\/150037"}],"wp:featuredmedia":[{"embeddable":true,"href":"https:\/\/imgist.ru\/pt\/wp-json\/wp\/v2\/media\/6137"}],"wp:attachment":[{"href":"https:\/\/imgist.ru\/pt\/wp-json\/wp\/v2\/media?parent=6136"}],"wp:term":[{"taxonomy":"category","embeddable":true,"href":"https:\/\/imgist.ru\/pt\/wp-json\/wp\/v2\/categories?post=6136"},{"taxonomy":"post_tag","embeddable":true,"href":"https:\/\/imgist.ru\/pt\/wp-json\/wp\/v2\/tags?post=6136"}],"curies":[{"name":"wp","href":"https:\/\/api.w.org\/{rel}","templated":true}]}}