{"id":6303,"date":"2026-06-02T02:10:21","date_gmt":"2026-06-01T23:10:21","guid":{"rendered":"https:\/\/imgist.ru\/byvshij-rezhisser-vela-kilmera-nazval-pokojnogo-aktera-hudshim-chelovekom\/"},"modified":"2026-06-02T02:10:21","modified_gmt":"2026-06-01T23:10:21","slug":"o-antigo-diretor-de-vel-kilmer-descreveu-o-falecido-ator-como-o-homem-mais-magro","status":"publish","type":"post","link":"https:\/\/imgist.ru\/pt\/byvshij-rezhisser-vela-kilmera-nazval-pokojnogo-aktera-hudshim-chelovekom\/","title":{"rendered":"O antigo diretor de Val Kilmer chamou o falecido ator de &quot;a pior pessoa&quot;."},"content":{"rendered":"<p><strong>Adam Marcus<\/strong> , o diretor do filme <em>\u00ab&quot;CONSPIRA\u00c7\u00c3O&quot;\u00bb<\/em> 2008 com <strong>Val Kilmer<\/strong> \u0438 <strong>Jennifer Esposito<\/strong> O ator, que estrelou o filme, n\u00e3o escondeu seus sentimentos em um recente discurso de raiva dirigido ao falecido ator.<\/p>\n<p> \u00ab&quot;#MicroIntellectMonday - na \u00e9poca em que eu dirigia aquele cara&quot;, compartilhou Marcus no Threads na segunda-feira, 1\u00ba de junho, junto com uma foto dele com o astro. <em>\u00abTop Gun\u00bb<\/em> . &quot;O cara que interpretou o Homem de Gelo e o Doc Holliday. Voc\u00ea sabe de quem estou falando. E aqui estamos n\u00f3s, praticando acrobacias com esse idiota no set.&quot; <em>\u00ab&quot;Conspira\u00e7\u00e3o<\/em> \u00bb&quot;Sim, foi.&quot;.<\/p>\n<p> \u00ab&quot;E para aqueles que est\u00e3o revirando os olhos para toda essa besteira sobre n\u00e3o falar mal dos mortos \u2014 dane-se&quot;, continuou ele. &quot;Se aquele cara tivesse feito um d\u00e9cimo do que fez no meu show hoje, teria sido banido na hora. O pior ser humano que j\u00e1 conheci... e isso \u00e9 dizer muito.&quot;.<\/p>\n<p> Kilmer, que morreu de pneumonia em abril de 2025, tinha h\u00e1 d\u00e9cadas a reputa\u00e7\u00e3o de ser uma pessoa dif\u00edcil de se trabalhar.<\/p>\n<p> Em 1996 <strong>Jo\u00e3o Frankenheimer<\/strong> , diretor <em>filme &quot;A Ilha do Dr. Moreau&quot;\u00ab<\/em> , que teve Val Kilmer como protagonista, disse: &quot;N\u00e3o gosto de Val Kilmer, n\u00e3o gosto da sua \u00e9tica de trabalho e nunca mais quero ter nada a ver com ele&quot;, relata. <em>O jornal The Independent<\/em> . <\/p>\n<p>&lt;img","protected":false},"excerpt":{"rendered":"<p>Adam Marcus, diretor do filme Conspiracy de 2008, estrelado por Val Kilmer e Jennifer Esposito, n\u00e3o escondeu seus sentimentos em uma recente declara\u00e7\u00e3o furiosa\u2026<\/p>","protected":false},"author":1,"featured_media":6304,"comment_status":"open","ping_status":"closed","sticky":false,"template":"","format":"standard","meta":{"footnotes":""},"categories":[6],"tags":[],"class_list":["post-6303","post","type-post","status-publish","format-standard","has-post-thumbnail","hentry","category-kinoindustriya","hvn-theme-has-thumbnail"],"_links":{"self":[{"href":"https:\/\/imgist.ru\/pt\/wp-json\/wp\/v2\/posts\/6303","targetHints":{"allow":["GET"]}}],"collection":[{"href":"https:\/\/imgist.ru\/pt\/wp-json\/wp\/v2\/posts"}],"about":[{"href":"https:\/\/imgist.ru\/pt\/wp-json\/wp\/v2\/types\/post"}],"author":[{"embeddable":true,"href":"https:\/\/imgist.ru\/pt\/wp-json\/wp\/v2\/users\/1"}],"replies":[{"embeddable":true,"href":"https:\/\/imgist.ru\/pt\/wp-json\/wp\/v2\/comments?post=6303"}],"version-history":[{"count":0,"href":"https:\/\/imgist.ru\/pt\/wp-json\/wp\/v2\/posts\/6303\/revisions"}],"wp:featuredmedia":[{"embeddable":true,"href":"https:\/\/imgist.ru\/pt\/wp-json\/wp\/v2\/media\/6304"}],"wp:attachment":[{"href":"https:\/\/imgist.ru\/pt\/wp-json\/wp\/v2\/media?parent=6303"}],"wp:term":[{"taxonomy":"category","embeddable":true,"href":"https:\/\/imgist.ru\/pt\/wp-json\/wp\/v2\/categories?post=6303"},{"taxonomy":"post_tag","embeddable":true,"href":"https:\/\/imgist.ru\/pt\/wp-json\/wp\/v2\/tags?post=6303"}],"curies":[{"name":"wp","href":"https:\/\/api.w.org\/{rel}","templated":true}]}}