{"id":6439,"date":"2026-06-02T03:21:10","date_gmt":"2026-06-02T00:21:10","guid":{"rendered":"https:\/\/imgist.ru\/67-letnyaya-madonna-ne-stala-czeremonitsya-demonstriruya-obnazhennuyu-grud-v-shelkovom-plate-s-glubokim-dekolte-i-effektnom-brilliantovom-kole\/"},"modified":"2026-08-29T11:55:27","modified_gmt":"2026-08-29T08:55:27","slug":"madonna-de-67-anos-nao-hesitou-em-exibir-os-seios-em-um-vestido-de-seda-com-um-decote-profundo-e-um-impressionante-colar-de-diamantes","status":"publish","type":"post","link":"https:\/\/imgist.ru\/pt\/67-letnyaya-madonna-ne-stala-czeremonitsya-demonstriruya-obnazhennuyu-grud-v-shelkovom-plate-s-glubokim-dekolte-i-effektnom-brilliantovom-kole\/","title":{"rendered":"Madonna, de 67 anos, n\u00e3o se preocupou com formalidades, exibindo os seios nus em um vestido de seda com um decote profundo e um colar de diamantes espetacular."},"content":{"rendered":"<h3>A ess\u00eancia<\/h3>\n<ul>\n<li>\n<p> Madonna tirou um momento para relaxar e lan\u00e7ou um videoclipe para marcar o in\u00edcio do M\u00eas do Orgulho LGBTQIA+ em 1\u00ba de junho.<\/p>\n<\/li>\n<li>\n<p> A cantora, conhecida pelo seu sucesso &quot;Vogue&quot;, exibiu os seios num vestido de alcinha decotado, complementado com luvas de \u00f3pera e cachos ao estilo de Marilyn Monroe.<\/p>\n<\/li>\n<li>\n<p> Madonna deu um toque de glamour ao seu visual com um colar de diamantes chamativo.<\/p>\n<\/li>\n<\/ul>\n<p> Madonna n\u00e3o poupou palavras, exibindo casualmente os seios e dando in\u00edcio ao M\u00eas do Orgulho LGBTQIA+ com uma dose de glamour da velha Hollywood. Em um v\u00eddeo revelador lan\u00e7ado em 1\u00ba de junho, a cantora, conhecida pelo sucesso &quot;Vogue&quot;, posou para a c\u00e2mera fumando um charuto, vestindo um vestido de alcinha decotado adornado com incont\u00e1veis quilates de diamantes.<\/p>\n<p> Madonna, toda adornada com diamantes, compartilhou uma mensagem de parab\u00e9ns com seus f\u00e3s diretamente de seu banheiro. Em um v\u00eddeo rosa, a cantora de &quot;Material Girl&quot; se ajoelhou e se aproximou da c\u00e2mera, revelando um minivestido decotado com um colar de diamantes brilhantes cobrindo a parte superior de seu colo. <\/p>\n<p> Madonna deixa a festa da Dolce &amp; Gabbana em 21 de setembro de 2024, em Mil\u00e3o, It\u00e1lia. Foto: Getty Images<\/p>\n<p> Enquanto Madonna tentava ajeitar a blusa deitada no ch\u00e3o, acabou se resignando ao constrangimento de ter os seios completamente \u00e0 mostra. Ao parabenizar seus seguidores pelo M\u00eas do Orgulho LGBTQIA+, a cantora de &quot;Hung Up&quot; adicionou uma faixa preta aos mamilos expostos, soltou uma baforada de fuma\u00e7a e beijou a c\u00e2mera. <\/p>\n<p> Madonna e Akim Morris em uma festa ap\u00f3s o desfile da cole\u00e7\u00e3o feminina Outono\/Inverno 2026\/2027 em Mil\u00e3o. Foto: Getty Images<\/p>\n<p> A estrela de 67 anos pareceu se inspirar em Marilyn Monroe no que seria o cent\u00e9simo anivers\u00e1rio da falecida \u00edcone do cinema, usando luvas longas de \u00f3pera combinando, batom vermelho e delineador preto com efeito gatinho. Ela estilou seus cabelos loiros platinados em cachos retr\u00f4, reproduzindo o penteado caracter\u00edstico da estrela de &quot;Quanto Mais Quente Melhor&quot;. <\/p>\n<p> Madonna comparece ao desfile da cole\u00e7\u00e3o feminina Primavera\/Ver\u00e3o 2026 da Saint Laurent durante a Semana de Moda de Paris, em 29 de setembro de 2025, em Paris, Fran\u00e7a. Foto: Getty Images<\/p>\n<p> \u00ab&quot;N\u00e3o h\u00e1 nada melhor do que o amor de uma m\u00e3e... Feliz M\u00eas do Orgulho!&quot;, escreveu ela, acrescentando um emoji da bandeira do arco-\u00edris. &quot;At\u00e9 breve!&quot;\u00bb<\/p>\n<p> Madonna, que prestou uma homenagem memor\u00e1vel a Marilyn Monroe no Oscar de 1991, tem estado ocupada promovendo seu novo \u00e1lbum. <em>Confiss\u00f5es II<\/em> \u2014 e publicou coment\u00e1rios obscenos sobre sua vida sexual.<\/p>\n<p> Em uma entrevista em v\u00eddeo recente para o Grindr, publicada <em>P\u00e1gina Seis<\/em> , A estrela revelou que guarda boas lembran\u00e7as de seu caso com John F. Kennedy Jr. Madonna chamou o ex-advogado de seu &quot;melhor amante&quot;, respondendo timidamente com um &quot;Hum-hum&quot; quando o estilista Raul Lopez comentou: &quot;Todo mundo diz que ele tinha um p\u00eanis incr\u00edvel e era um \u00f3timo amante&quot;.<\/p>\n<p> Leia o artigo original na InStyle.<\/p>","protected":false},"excerpt":{"rendered":"<p>Madonna relaxou brevemente sua postura ao lan\u00e7ar um videoclipe para marcar o in\u00edcio do M\u00eas do Orgulho LGBTQIA+ em 1\u00ba de junho. A cantora, conhecida pelo sucesso &quot;Vogue&quot;, exibiu os seios em um vestido de alcinha decotado.<\/p>","protected":false},"author":1,"featured_media":6440,"comment_status":"open","ping_status":"closed","sticky":false,"template":"","format":"standard","meta":{"footnotes":""},"categories":[5],"tags":[],"class_list":["post-6439","post","type-post","status-publish","format-standard","has-post-thumbnail","hentry","category-selebriti","hvn-theme-has-thumbnail"],"_links":{"self":[{"href":"https:\/\/imgist.ru\/pt\/wp-json\/wp\/v2\/posts\/6439","targetHints":{"allow":["GET"]}}],"collection":[{"href":"https:\/\/imgist.ru\/pt\/wp-json\/wp\/v2\/posts"}],"about":[{"href":"https:\/\/imgist.ru\/pt\/wp-json\/wp\/v2\/types\/post"}],"author":[{"embeddable":true,"href":"https:\/\/imgist.ru\/pt\/wp-json\/wp\/v2\/users\/1"}],"replies":[{"embeddable":true,"href":"https:\/\/imgist.ru\/pt\/wp-json\/wp\/v2\/comments?post=6439"}],"version-history":[{"count":3,"href":"https:\/\/imgist.ru\/pt\/wp-json\/wp\/v2\/posts\/6439\/revisions"}],"predecessor-version":[{"id":150382,"href":"https:\/\/imgist.ru\/pt\/wp-json\/wp\/v2\/posts\/6439\/revisions\/150382"}],"wp:featuredmedia":[{"embeddable":true,"href":"https:\/\/imgist.ru\/pt\/wp-json\/wp\/v2\/media\/6440"}],"wp:attachment":[{"href":"https:\/\/imgist.ru\/pt\/wp-json\/wp\/v2\/media?parent=6439"}],"wp:term":[{"taxonomy":"category","embeddable":true,"href":"https:\/\/imgist.ru\/pt\/wp-json\/wp\/v2\/categories?post=6439"},{"taxonomy":"post_tag","embeddable":true,"href":"https:\/\/imgist.ru\/pt\/wp-json\/wp\/v2\/tags?post=6439"}],"curies":[{"name":"wp","href":"https:\/\/api.w.org\/{rel}","templated":true}]}}