{"id":6606,"date":"2026-06-02T06:14:22","date_gmt":"2026-06-02T03:14:22","guid":{"rendered":"http:\/\/imgist.ru\/ya-v-vostorge-ot-togo-chto-v-shou-90-day-the-last-resort-poyavitsya-odin-iz-moih-lyubimyh-uchastnikov-kotoryj-vneset-raznoobrazie\/"},"modified":"2026-08-29T11:55:38","modified_gmt":"2026-08-29T08:55:38","slug":"estou-muito-feliz-que-um-dos-meus-participantes-favoritos-estara-em-90-days-the-last-resort-o-que-trara-mais-variedade-ao-programa","status":"publish","type":"post","link":"https:\/\/imgist.ru\/pt\/ya-v-vostorge-ot-togo-chto-v-shou-90-day-the-last-resort-poyavitsya-odin-iz-moih-lyubimyh-uchastnikov-kotoryj-vneset-raznoobrazie\/","title":{"rendered":"Estou muito feliz que um dos meus participantes favoritos v\u00e1 se juntar ao elenco de 90 Day: The Last Resort para trazer mais variedade."},"content":{"rendered":"<p>Ao efetuar uma compra atrav\u00e9s dos links presentes em nossos artigos, a Future e seus parceiros de distribui\u00e7\u00e3o podem receber uma comiss\u00e3o. <\/p>\n<p> Fonte: TLC<\/p>\n<p> <strong>Aviso: Cont\u00e9m spoilers dos seguintes filmes e s\u00e9ries.<\/strong> epis\u00f3dio de estreia da 3\u00aa temporada <em><strong>s\u00e9rie &quot;90 Dias: Os \u00daltimos<\/strong><\/em> <strong>&quot;Uma chance para um conto de fadas.&quot; Assista \u00e0 s\u00e9rie em<\/strong> <strong>assinatura HBO Max<\/strong> <strong>Leia por sua conta e risco!<\/strong><\/p>\n<p> <em>O programa &quot;90 Dias: O \u00daltimo Recurso&quot;\u00ab<\/em> A terceira temporada j\u00e1 come\u00e7ou, na qual John McManus expressar\u00e1 sua opini\u00e3o sobre o casamento do irm\u00e3o. Ap\u00f3s not\u00edcias de que Patrick Mendez e Thais Ramon j\u00e1 est\u00e3o se divorciando, a estreia do programa no canal TLC revelou que John aparecer\u00e1 em um castelo no Reino Unido.<\/p>\n<p> Em uma pr\u00e9via do restante da temporada, Patrick aparece cumprimentando seu irm\u00e3o em frente ao castelo. Parece que Jon est\u00e1 prestes a participar de uma &quot;terapia familiar&quot; e, a julgar pela discuss\u00e3o acalorada entre ele e Thais, n\u00e3o parece que vai terminar bem. Por que ele est\u00e1 aqui? Vamos analisar e falar sobre por que estou t\u00e3o feliz em v\u00ea-lo de volta. <em>\u00abNoivo de 90 Dias\u00bb<\/em> em uma s\u00e9rie de TV de 2026.<\/p>\n<h2> Por que John McManus est\u00e1 se juntando ao elenco de 90 Dias para Casar: O \u00daltimo Recurso<\/h2>\n<p> <em>No programa &quot;90 Dias: O \u00daltimo Recurso&quot;\u00ab<\/em> Normalmente, os casais est\u00e3o envolvidos, mas, no passado, vimos outros membros da fam\u00edlia participarem. Por exemplo, Darcey Silva apareceu na segunda temporada quando sua irm\u00e3, Stacey, alegou que a amizade de Darcey com seu marido estava afetando negativamente seu casamento.<\/p>\n<p> Imagino que John esteja l\u00e1 por motivos semelhantes, j\u00e1 que ele e Thais tiveram desentendimentos em temporadas anteriores. A terapeuta menciona querer aprender a ser &quot;civilizada&quot;, o que leva ambos a desabafarem suas frustra\u00e7\u00f5es. Vemos John mencionar que Thais mentiu para Patrick sobre algo enquanto estava no Brasil, e ela grita: &quot;Deixe-me falar!&quot; antes de sair furiosa da sala. Estou ansiosa para saber o contexto completo dessa conversa!<\/p>\n<h2> Por que estou ansioso pela chegada de John<\/h2>\n<p> O comediante Bill Burr, com seu senso de humor magistral, jamais teria aparecido em <em>mostrar &quot;90 Dias Antes do Casamento&quot;\u00ab<\/em> , Mas temos um quase id\u00eantico: John. Ele n\u00e3o s\u00f3 se parece vagamente com o comediante na apar\u00eancia e na personalidade, como tamb\u00e9m detesta todas as m\u00fasicas e dan\u00e7as de reality show que o obrigam a fazer. <em>Participantes de 90 Dias: A Vida de Solteiro\u00ab<\/em> .<\/p>\n<p> Saiba mais sobre o programa &quot;90 Dias para Casar&quot;\u00ab<\/p>\n<p> Dois dos participantes do programa &quot;90 Dias para Casar&quot; s\u00e3o respons\u00e1veis por problemas que me deixam louco(a) a cada temporada.<\/p>\n<p> Agora que foi revelado que Patrick e Thais finalmente entraram com o pedido de div\u00f3rcio, ser\u00e1 que convidar John para o castelo foi uma boa ideia? Acho que depende da frequ\u00eancia com que ele v\u00ea o irm\u00e3o agora. No fim das contas, talvez tivesse sido melhor se o casal tivesse se concentrado no relacionamento em vez de convidar o irm\u00e3o dele, que, como os f\u00e3s sabem, <em>\u00ab90 dias antes do casamento,<\/em> Isso os irrita terrivelmente.<\/p>\n<p> No entanto, o que est\u00e1 feito, est\u00e1 feito, e estou muito feliz em ver John de volta ao universo. <em>\u00ab90 dias antes do casamento\u00bb<\/em> . Estou curiosa para saber se essa apari\u00e7\u00e3o ter\u00e1 alguma liga\u00e7\u00e3o com as not\u00edcias sobre o relacionamento dele com a Megan, a garota que vimos na temporada passada. Eu adoraria ouvir alguma not\u00edcia ou mesmo uma dica de que poderemos v\u00ea-lo novamente na pr\u00f3xima temporada.<\/p>\n<p> <em>O programa &quot;90 Dias: \u00daltima Chance&quot;\u00ab<\/em> Vai ao ar no TLC \u00e0s segundas-feiras, \u00e0s 20h (hor\u00e1rio do leste dos EUA). Acompanhe esses casais lutando por seus casamentos e fique ligado no CinemaBlend para todas as \u00faltimas not\u00edcias e atualiza\u00e7\u00f5es.<\/p>","protected":false},"excerpt":{"rendered":"<p>Ao comprar algo atrav\u00e9s dos links em nossos artigos, a Future e seus parceiros de distribui\u00e7\u00e3o podem receber uma comiss\u00e3o. Fonte: TLC. Aviso: Cont\u00e9m spoilers...<\/p>","protected":false},"author":1,"featured_media":6607,"comment_status":"open","ping_status":"closed","sticky":false,"template":"","format":"standard","meta":{"footnotes":""},"categories":[6],"tags":[],"class_list":["post-6606","post","type-post","status-publish","format-standard","has-post-thumbnail","hentry","category-kinoindustriya","hvn-theme-has-thumbnail"],"_links":{"self":[{"href":"https:\/\/imgist.ru\/pt\/wp-json\/wp\/v2\/posts\/6606","targetHints":{"allow":["GET"]}}],"collection":[{"href":"https:\/\/imgist.ru\/pt\/wp-json\/wp\/v2\/posts"}],"about":[{"href":"https:\/\/imgist.ru\/pt\/wp-json\/wp\/v2\/types\/post"}],"author":[{"embeddable":true,"href":"https:\/\/imgist.ru\/pt\/wp-json\/wp\/v2\/users\/1"}],"replies":[{"embeddable":true,"href":"https:\/\/imgist.ru\/pt\/wp-json\/wp\/v2\/comments?post=6606"}],"version-history":[{"count":1,"href":"https:\/\/imgist.ru\/pt\/wp-json\/wp\/v2\/posts\/6606\/revisions"}],"predecessor-version":[{"id":150491,"href":"https:\/\/imgist.ru\/pt\/wp-json\/wp\/v2\/posts\/6606\/revisions\/150491"}],"wp:featuredmedia":[{"embeddable":true,"href":"https:\/\/imgist.ru\/pt\/wp-json\/wp\/v2\/media\/6607"}],"wp:attachment":[{"href":"https:\/\/imgist.ru\/pt\/wp-json\/wp\/v2\/media?parent=6606"}],"wp:term":[{"taxonomy":"category","embeddable":true,"href":"https:\/\/imgist.ru\/pt\/wp-json\/wp\/v2\/categories?post=6606"},{"taxonomy":"post_tag","embeddable":true,"href":"https:\/\/imgist.ru\/pt\/wp-json\/wp\/v2\/tags?post=6606"}],"curies":[{"name":"wp","href":"https:\/\/api.w.org\/{rel}","templated":true}]}}