{"id":6784,"date":"2026-06-02T10:15:11","date_gmt":"2026-06-02T07:15:11","guid":{"rendered":"https:\/\/imgist.ru\/zvezda-seriala-medison-soobshhila-mnogoobeshhayushhuyu-datu-vyhoda-vtorogo-sezona\/"},"modified":"2026-06-02T10:15:11","modified_gmt":"2026-06-02T07:15:11","slug":"a-estrela-da-serie-medison-anunciou-a-tao-aguardada-data-de-lancamento-da-segunda-temporada","status":"publish","type":"post","link":"https:\/\/imgist.ru\/pt\/zvezda-seriala-medison-soobshhila-mnogoobeshhayushhuyu-datu-vyhoda-vtorogo-sezona\/","title":{"rendered":"A estrela de Madison anunciou uma data de lan\u00e7amento promissora para a segunda temporada."},"content":{"rendered":"<p>Prazos de devolu\u00e7\u00e3o <strong>Madison<\/strong> Tudo ficou muito mais claro. O ator principal, Ben Schnetzer, deu a entender quando os f\u00e3s podem esperar a segunda temporada e compartilhou informa\u00e7\u00f5es empolgantes sobre o cronograma de produ\u00e7\u00e3o da terceira temporada.<\/p>\n<h2> Ben Schnetzer fala sobre as temporadas 2 e 3 de Madison.<\/h2>\n<p> Em entrevista ao The Playlist, Ben Schnetzer deu a entender a data de lan\u00e7amento da segunda temporada de Madison no Paramount+. O ator, que interpreta o xerife Van Davis, disse que as filmagens da terceira temporada podem come\u00e7ar no in\u00edcio de 2027. Ele declarou \u00e0 publica\u00e7\u00e3o: &quot;Acho que ser\u00e1 no in\u00edcio de 2027.&quot;.<\/p>\n<p> Schnetzer tamb\u00e9m sugeriu que a estreia da segunda temporada poderia coincidir com o in\u00edcio da produ\u00e7\u00e3o da terceira. Em sua resposta, ele explicou a conex\u00e3o entre as duas etapas: &quot;Acho que eles est\u00e3o meio que planejando para coincidir com o lan\u00e7amento da segunda temporada&quot;, disse ele.<\/p>\n<p> No entanto, o ator alertou que a emissora ainda n\u00e3o confirmou nada oficialmente. Ele estava adotando uma abordagem cautelosa em rela\u00e7\u00e3o ao momento da confirma\u00e7\u00e3o, mantendo-se fiel \u00e0 sua mentalidade pr\u00e1tica. &quot;Eles n\u00e3o v\u00e3o me dizer nada at\u00e9 l\u00e1... Ent\u00e3o, estou muito feliz que voltaremos para uma terceira temporada&quot;, acrescentou Schnetzer.<\/p>\n<p> Madison estreou no Paramount+ em mar\u00e7o de 2026, com seis epis\u00f3dios estrelados por Michelle Pfeiffer e Kurt Russell. Em sua primeira semana, o faroeste foi assistido por mais de 1 bilh\u00e3o de minutos. Posteriormente, a Paramount renovou a s\u00e9rie para uma segunda e terceira temporada.<\/p>\n<p> Schnetzer tamb\u00e9m esclareceu o cronograma de filmagens at\u00edpico das duas primeiras temporadas. Os atores filmaram a primeira temporada no outono de 2024 e conclu\u00edram a segunda no outono de 2025. Russell e Matthew Fox filmaram suas cenas separadamente devido a conflitos de agenda e \u00e0s rigorosas condi\u00e7\u00f5es clim\u00e1ticas do inverno de Montana. Fox n\u00e3o retornar\u00e1 para a segunda temporada, tendo deixado um projeto televisivo de longa dura\u00e7\u00e3o.<\/p>\n<p> Enquanto isso, Schnetzer se prepara para filmar a quarta temporada de &quot;White Lotus&quot; na Riviera Francesa. O elenco de apoio de Madison inclui Beau Garrett, Patrick J. Adams, Kevin Zegers e Will Arnett.<\/p>\n<p> Madison est\u00e1 dispon\u00edvel para streaming no Paramount+.<\/p>\n<p> <em>O artigo original foi publicado por Anubhav Chaudhry no site<\/em> <em>ComingSoon.net<\/em> <em>.<\/em><\/p>\n<p> O artigo &quot;Estrela de Madison anuncia data de lan\u00e7amento promissora para a 2\u00aa temporada&quot; foi publicado originalmente no Mandatory.<\/p>","protected":false},"excerpt":{"rendered":"<p>O cronograma para o retorno de Madison ficou muito mais claro. O ator principal, Ben Schnetzer, deu algumas pistas sobre quando os f\u00e3s podem esperar a segunda temporada e compartilhou informa\u00e7\u00f5es interessantes sobre o cronograma de produ\u00e7\u00e3o\u2026<\/p>","protected":false},"author":1,"featured_media":6785,"comment_status":"open","ping_status":"closed","sticky":false,"template":"","format":"standard","meta":{"footnotes":""},"categories":[6],"tags":[],"class_list":["post-6784","post","type-post","status-publish","format-standard","has-post-thumbnail","hentry","category-kinoindustriya","hvn-theme-has-thumbnail"],"_links":{"self":[{"href":"https:\/\/imgist.ru\/pt\/wp-json\/wp\/v2\/posts\/6784","targetHints":{"allow":["GET"]}}],"collection":[{"href":"https:\/\/imgist.ru\/pt\/wp-json\/wp\/v2\/posts"}],"about":[{"href":"https:\/\/imgist.ru\/pt\/wp-json\/wp\/v2\/types\/post"}],"author":[{"embeddable":true,"href":"https:\/\/imgist.ru\/pt\/wp-json\/wp\/v2\/users\/1"}],"replies":[{"embeddable":true,"href":"https:\/\/imgist.ru\/pt\/wp-json\/wp\/v2\/comments?post=6784"}],"version-history":[{"count":0,"href":"https:\/\/imgist.ru\/pt\/wp-json\/wp\/v2\/posts\/6784\/revisions"}],"wp:featuredmedia":[{"embeddable":true,"href":"https:\/\/imgist.ru\/pt\/wp-json\/wp\/v2\/media\/6785"}],"wp:attachment":[{"href":"https:\/\/imgist.ru\/pt\/wp-json\/wp\/v2\/media?parent=6784"}],"wp:term":[{"taxonomy":"category","embeddable":true,"href":"https:\/\/imgist.ru\/pt\/wp-json\/wp\/v2\/categories?post=6784"},{"taxonomy":"post_tag","embeddable":true,"href":"https:\/\/imgist.ru\/pt\/wp-json\/wp\/v2\/tags?post=6784"}],"curies":[{"name":"wp","href":"https:\/\/api.w.org\/{rel}","templated":true}]}}