{"id":6962,"date":"2026-06-02T13:20:14","date_gmt":"2026-06-02T10:20:14","guid":{"rendered":"https:\/\/imgist.ru\/mne-ego-zhal-dzhimmi-kimmel-rezko-raskritikoval-donalda-trampa\/"},"modified":"2026-06-02T13:20:14","modified_gmt":"2026-06-02T10:20:14","slug":"sinto-pena-dele-jimmy-kimmel-criticou-duramente-donald-trump","status":"publish","type":"post","link":"https:\/\/imgist.ru\/pt\/mne-ego-zhal-dzhimmi-kimmel-rezko-raskritikoval-donalda-trampa\/","title":{"rendered":"\u00ab&quot;Sinto pena dele&quot;: Jimmy Kimmel criticou duramente Donald Trump."},"content":{"rendered":"<p><strong>Jimmy Kimmel<\/strong> recentemente criticou duramente o presidente <strong>Donald Trump<\/strong> , Expressando seus sentimentos por ele. O renomado apresentador de talk show noturno concedeu uma entrevista exclusiva \u00e0 revista Vulture, onde expressou abertamente sua opini\u00e3o sobre o presidente dos EUA. A entrevista ocorreu ap\u00f3s seu programa, &quot;Jimmy Kimmel Live!&quot;, ter sido suspenso por uma semana devido a relatos de press\u00e3o da administra\u00e7\u00e3o Trump ap\u00f3s os coment\u00e1rios de Kimmel sobre a morte do ativista conservador Charlie Kirk.<\/p>\n<h2> Em uma nova entrevista, Jimmy Kimmel afirma que n\u00e3o &quot;ama nem odeia&quot; Donald Trump.<\/h2>\n<p> Jimmy Kimmel admitiu recentemente que n\u00e3o gosta do presidente Donald Trump, mas tamb\u00e9m n\u00e3o o odeia. Em uma nova entrevista para a revista Vulture, o apresentador de talk show noturno disse: &quot;Bem, esse \u00e9 o Trump&quot;, referindo-se ao motivo de sua rixa com o presidente americano. Ele ent\u00e3o acrescentou: &quot;Eu n\u00e3o gosto dele. Tamb\u00e9m n\u00e3o o odeio&quot;. E esclareceu: &quot;Sinto pena dele&quot;. Kimmel tamb\u00e9m acrescentou: &quot;Claramente, ele n\u00e3o recebeu muitos abra\u00e7os&quot;.<\/p>\n<p> Durante a entrevista, Kimmel continuou a falar sobre como se v\u00ea. O apresentador do talk show noturno afirmou: &quot;N\u00e3o sou particularmente instru\u00eddo&quot;. Ele prosseguiu: &quot;Sou um cara inteligente, mas certamente n\u00e3o sou o mais inteligente que conhe\u00e7o&quot;. Kimmel explicou ent\u00e3o: &quot;Sempre fui genu\u00edno, e acho que as pessoas s\u00f3 agora est\u00e3o come\u00e7ando a entender isso&quot;. Ele acredita que isso se deve &quot;\u00e0s circunst\u00e2ncias em que me encontrei e \u00e0s circunst\u00e2ncias em que nos encontramos como pa\u00eds&quot;.<\/p>\n<p> Kimmel tamb\u00e9m falou sobre as v\u00e1rias fases de sua carreira como apresentador. Em seguida, em uma entrevista para a revista Vulture, ele comentou sobre seu crescimento pessoal. Kimmel disse: &quot;Acho que evolu\u00ed e amadureci ao longo dos \u00faltimos 20 anos e tantos anos&quot;. &quot;E espero que isso seja \u00f3bvio para todos que assistem ao meu programa&quot;, acrescentou o apresentador do &quot;Jimmy Kimmel Live!&quot;.<\/p>\n<p> O artigo &quot;Sinto pena dele&quot;: Jimmy Kimmel critica Donald Trump&quot; foi publicado originalmente no site Reality Tea.<\/p>","protected":false},"excerpt":{"rendered":"<p>Jimmy Kimmel criticou duramente o presidente Donald Trump recentemente, expressando seus sentimentos a respeito dele. O renomado apresentador de talk show noturno concedeu uma entrevista exclusiva \u00e0 revista Vulture, onde falou abertamente\u2026<\/p>","protected":false},"author":1,"featured_media":6963,"comment_status":"open","ping_status":"closed","sticky":false,"template":"","format":"standard","meta":{"footnotes":""},"categories":[5],"tags":[],"class_list":["post-6962","post","type-post","status-publish","format-standard","has-post-thumbnail","hentry","category-selebriti","hvn-theme-has-thumbnail"],"_links":{"self":[{"href":"https:\/\/imgist.ru\/pt\/wp-json\/wp\/v2\/posts\/6962","targetHints":{"allow":["GET"]}}],"collection":[{"href":"https:\/\/imgist.ru\/pt\/wp-json\/wp\/v2\/posts"}],"about":[{"href":"https:\/\/imgist.ru\/pt\/wp-json\/wp\/v2\/types\/post"}],"author":[{"embeddable":true,"href":"https:\/\/imgist.ru\/pt\/wp-json\/wp\/v2\/users\/1"}],"replies":[{"embeddable":true,"href":"https:\/\/imgist.ru\/pt\/wp-json\/wp\/v2\/comments?post=6962"}],"version-history":[{"count":0,"href":"https:\/\/imgist.ru\/pt\/wp-json\/wp\/v2\/posts\/6962\/revisions"}],"wp:featuredmedia":[{"embeddable":true,"href":"https:\/\/imgist.ru\/pt\/wp-json\/wp\/v2\/media\/6963"}],"wp:attachment":[{"href":"https:\/\/imgist.ru\/pt\/wp-json\/wp\/v2\/media?parent=6962"}],"wp:term":[{"taxonomy":"category","embeddable":true,"href":"https:\/\/imgist.ru\/pt\/wp-json\/wp\/v2\/categories?post=6962"},{"taxonomy":"post_tag","embeddable":true,"href":"https:\/\/imgist.ru\/pt\/wp-json\/wp\/v2\/tags?post=6962"}],"curies":[{"name":"wp","href":"https:\/\/api.w.org\/{rel}","templated":true}]}}