{"id":6966,"date":"2026-06-02T13:20:33","date_gmt":"2026-06-02T10:20:33","guid":{"rendered":"https:\/\/imgist.ru\/britni-spirs-vysunula-yazyk-pered-kameroj-posle-smeny-pricheski\/"},"modified":"2026-06-02T13:20:33","modified_gmt":"2026-06-02T10:20:33","slug":"britney-spears-mostrou-a-lingua-para-a-camera-depois-de-mudar-o-penteado","status":"publish","type":"post","link":"https:\/\/imgist.ru\/pt\/britni-spirs-vysunula-yazyk-pered-kameroj-posle-smeny-pricheski\/","title":{"rendered":"Britney Spears mostrou a l\u00edngua para a c\u00e2mera depois de mudar o penteado."},"content":{"rendered":"<p><strong>Britney Spears<\/strong> Ela escolheu Chris Appleton, o cabeleireiro habitual de Kim Kardashian, para seu novo corte de cabelo. Appleton compartilhou uma selfie nas redes sociais, refletindo sobre sua trajet\u00f3ria profissional. Kardashian tamb\u00e9m comentou na publica\u00e7\u00e3o de Appleton.<\/p>\n<h2> Britney Spears revelou um novo penteado.<\/h2>\n<p> Appleton compartilhou uma selfie com Spears no Instagram, acompanhada de uma legenda emocionante. A foto mostra Spears com o cabelo liso, segurando v\u00e1rios modeladores de cachos e mostrando a l\u00edngua. Na legenda, a cabeleireira escreveu: &quot;Crescendo na Inglaterra, Britney Spears foi a trilha sonora de tantos momentos. Nunca na minha vida imaginei que um dia estaria atr\u00e1s de uma cadeira (ou, neste caso, ela estaria atr\u00e1s da minha, haha) fazendo o cabelo dela.&quot;.<\/p>\n<p> Ele sentiu que o momento &quot;fechou um ciclo&quot; e elogiou a cantora, que interpretou o sucesso &quot;Criminal&quot;, dizendo: &quot;Ela n\u00e3o \u00e9 apenas um \u00edcone, mas uma das almas mais genuinamente gentis e am\u00e1veis que j\u00e1 conheci&quot;. Kardashian deixou um coment\u00e1rio com dois emojis de cora\u00e7\u00e3o e flecha.<\/p>\n<p> Esta publica\u00e7\u00e3o surgiu v\u00e1rios meses depois da pris\u00e3o de Spears por &quot;dire\u00e7\u00e3o imprudente e em alta velocidade&quot; em uma rodovia do sul da Calif\u00f3rnia. Ela era suspeita de dirigir sob efeito de \u00e1lcool. No m\u00eas passado, ela se declarou culpada.<\/p>\n<p> Seu advogado, Michael Goldstein, divulgou uma declara\u00e7\u00e3o sobre o veredicto, afirmando que a cantora assume total responsabilidade por seu comportamento. &quot;Ela tomou medidas significativas para fazer mudan\u00e7as positivas, o que se reflete claramente na decis\u00e3o do Minist\u00e9rio P\u00fablico do Condado de Ventura de reduzir as acusa\u00e7\u00f5es neste caso e arquivar a acusa\u00e7\u00e3o de dirigir sob influ\u00eancia de \u00e1lcool&quot;, disse ele.<\/p>\n<p> Ap\u00f3s a senten\u00e7a, ela foi condenada a cumprir 12 meses de liberdade condicional e a concluir um curso de preven\u00e7\u00e3o \u00e0 condu\u00e7\u00e3o sob o efeito do \u00e1lcool. Tamb\u00e9m foi condenada a pagar todas as multas e taxas aplic\u00e1veis (de acordo com a BBC).<\/p>\n<p> <em>Reportagem original de Shazmin Navrang para a revista Mandatory.<\/em><\/p>\n<p> O artigo &quot;Britney Spears mostra a l\u00edngua para a c\u00e2mera ap\u00f3s mudan\u00e7a de penteado&quot; foi publicado originalmente no site Reality Tea.<\/p>","protected":false},"excerpt":{"rendered":"<p>Britney Spears escolheu Chris Appleton, o cabeleireiro habitual de Kim Kardashian, para seu novo corte de cabelo. Appleton compartilhou uma selfie nas redes sociais, refletindo sobre sua trajet\u00f3ria profissional. Kardashian tamb\u00e9m\u2026<\/p>","protected":false},"author":1,"featured_media":6967,"comment_status":"open","ping_status":"closed","sticky":false,"template":"","format":"standard","meta":{"footnotes":""},"categories":[5],"tags":[],"class_list":["post-6966","post","type-post","status-publish","format-standard","has-post-thumbnail","hentry","category-selebriti","hvn-theme-has-thumbnail"],"_links":{"self":[{"href":"https:\/\/imgist.ru\/pt\/wp-json\/wp\/v2\/posts\/6966","targetHints":{"allow":["GET"]}}],"collection":[{"href":"https:\/\/imgist.ru\/pt\/wp-json\/wp\/v2\/posts"}],"about":[{"href":"https:\/\/imgist.ru\/pt\/wp-json\/wp\/v2\/types\/post"}],"author":[{"embeddable":true,"href":"https:\/\/imgist.ru\/pt\/wp-json\/wp\/v2\/users\/1"}],"replies":[{"embeddable":true,"href":"https:\/\/imgist.ru\/pt\/wp-json\/wp\/v2\/comments?post=6966"}],"version-history":[{"count":0,"href":"https:\/\/imgist.ru\/pt\/wp-json\/wp\/v2\/posts\/6966\/revisions"}],"wp:featuredmedia":[{"embeddable":true,"href":"https:\/\/imgist.ru\/pt\/wp-json\/wp\/v2\/media\/6967"}],"wp:attachment":[{"href":"https:\/\/imgist.ru\/pt\/wp-json\/wp\/v2\/media?parent=6966"}],"wp:term":[{"taxonomy":"category","embeddable":true,"href":"https:\/\/imgist.ru\/pt\/wp-json\/wp\/v2\/categories?post=6966"},{"taxonomy":"post_tag","embeddable":true,"href":"https:\/\/imgist.ru\/pt\/wp-json\/wp\/v2\/tags?post=6966"}],"curies":[{"name":"wp","href":"https:\/\/api.w.org\/{rel}","templated":true}]}}