{"id":7105,"date":"2026-06-02T15:19:40","date_gmt":"2026-06-02T12:19:40","guid":{"rendered":"https:\/\/imgist.ru\/dzhosh-okonnor-poyavilsya-na-fotosessii-v-parizhe-v-naryade-ot-lemaire\/"},"modified":"2026-08-29T11:56:38","modified_gmt":"2026-08-29T08:56:38","slug":"josh-oconnor-apareceu-em-uma-sessao-de-fotos-em-paris-vestindo-um-look-lemaire","status":"publish","type":"post","link":"https:\/\/imgist.ru\/pt\/dzhosh-okonnor-poyavilsya-na-fotosessii-v-parizhe-v-naryade-ot-lemaire\/","title":{"rendered":"Josh O&#039;Connor compareceu a uma sess\u00e3o de fotos em Paris vestindo um look Lemaire."},"content":{"rendered":"<p>Os deuses da moda est\u00e3o claramente a nosso favor: Colman Domingo e Josh O&#039;Connor est\u00e3o liderando a turn\u00ea de imprensa de moda masculina. <em>Dia da Revela\u00e7\u00e3o<\/em> . <\/p>\n<p> Pierre Mouton\/Getty Images para Universal Pictures<\/p>\n<p> At\u00e9 agora, s\u00f3 conhec\u00edamos o estilo de Josh atrav\u00e9s do trabalho do estilista de celebridades Harry Lambert, ent\u00e3o saber que o ator brit\u00e2nico agora est\u00e1 trabalhando com Jason Bolden despertou imediatamente meu interesse. Afinal, Bolden ajudou a refinar e expandir o guarda-roupa de Nicholas Hoult durante a turn\u00ea de imprensa do filme. <em>\u00ab&quot;Superman&quot;\u00bb<\/em> , Ent\u00e3o, surge naturalmente a pergunta: qual \u00e9 a apar\u00eancia de Josh O&#039;Connor na \u00e9poca de Jason Bolden?<\/p>\n<p> A julgar pela sess\u00e3o de fotos <strong>Lemaire Outono 2026<\/strong> Em Paris, n\u00e3o h\u00e1 grandes mudan\u00e7as nos planos, e provavelmente \u00e9 melhor assim. O charme jovial de Josh permanece intacto, mas sua cole\u00e7\u00e3o tem um frescor que inspira otimismo.<\/p>\n<p> Mais importante ainda, este n\u00e3o \u00e9 mais um caso em que Dior usa um fraque.<\/p>\n<p> Francamente, Josh j\u00e1 esgotou essa f\u00f3rmula. Suas apari\u00e7\u00f5es anteriores neste ano come\u00e7aram a se confundir, a ponto de um fraque parecer suspeitosamente igual ao outro. Ent\u00e3o, sua apari\u00e7\u00e3o em <strong>Lemaire<\/strong> , uma marca constru\u00edda com base na intelig\u00eancia e na textura, j\u00e1 parece uma mudan\u00e7a bem-vinda.<\/p>\n<p> A combina\u00e7\u00e3o de uma camisa estampada com um colete de tric\u00f4 combina perfeitamente com o estilo natural de Josh: intelectual e charmoso, o que agrada tanto a ele quanto \u00e0 marca. <\/p>\n<p> Pierre Mouton\/Getty Images para Universal Pictures<\/p>\n<p> Em combina\u00e7\u00e3o com um rel\u00f3gio <strong>Cartier<\/strong> Isso criou a sensa\u00e7\u00e3o do in\u00edcio de algo mais interessante do que apenas uma repeti\u00e7\u00e3o do que j\u00e1 havia sido abordado.<\/p>\n<p> E n\u00e3o, isso n\u00e3o deve ser interpretado como o fim da carreira de Josh na Dior. Mas se for um sinal de que a diversidade finalmente est\u00e1 de volta, estou muito feliz.<\/p>\n<p> <em>Estilista: Jason Bolden.<\/em> <\/p>\n<p> Lemer, outono de 2026<\/p>","protected":false},"excerpt":{"rendered":"<p>Os deuses da moda est\u00e3o claramente a nosso favor: Colman Domingo e Josh O&#039;Connor lideram a sele\u00e7\u00e3o de moda masculina no evento de imprensa do Disclosure Day. Pierre Mouton\/Getty Images para Universal\u2026<\/p>","protected":false},"author":1,"featured_media":7106,"comment_status":"open","ping_status":"closed","sticky":false,"template":"","format":"standard","meta":{"footnotes":""},"categories":[5],"tags":[],"class_list":["post-7105","post","type-post","status-publish","format-standard","has-post-thumbnail","hentry","category-selebriti","hvn-theme-has-thumbnail"],"_links":{"self":[{"href":"https:\/\/imgist.ru\/pt\/wp-json\/wp\/v2\/posts\/7105","targetHints":{"allow":["GET"]}}],"collection":[{"href":"https:\/\/imgist.ru\/pt\/wp-json\/wp\/v2\/posts"}],"about":[{"href":"https:\/\/imgist.ru\/pt\/wp-json\/wp\/v2\/types\/post"}],"author":[{"embeddable":true,"href":"https:\/\/imgist.ru\/pt\/wp-json\/wp\/v2\/users\/1"}],"replies":[{"embeddable":true,"href":"https:\/\/imgist.ru\/pt\/wp-json\/wp\/v2\/comments?post=7105"}],"version-history":[{"count":3,"href":"https:\/\/imgist.ru\/pt\/wp-json\/wp\/v2\/posts\/7105\/revisions"}],"predecessor-version":[{"id":150863,"href":"https:\/\/imgist.ru\/pt\/wp-json\/wp\/v2\/posts\/7105\/revisions\/150863"}],"wp:featuredmedia":[{"embeddable":true,"href":"https:\/\/imgist.ru\/pt\/wp-json\/wp\/v2\/media\/7106"}],"wp:attachment":[{"href":"https:\/\/imgist.ru\/pt\/wp-json\/wp\/v2\/media?parent=7105"}],"wp:term":[{"taxonomy":"category","embeddable":true,"href":"https:\/\/imgist.ru\/pt\/wp-json\/wp\/v2\/categories?post=7105"},{"taxonomy":"post_tag","embeddable":true,"href":"https:\/\/imgist.ru\/pt\/wp-json\/wp\/v2\/tags?post=7105"}],"curies":[{"name":"wp","href":"https:\/\/api.w.org\/{rel}","templated":true}]}}