{"id":7626,"date":"2026-06-02T19:19:04","date_gmt":"2026-06-02T16:19:04","guid":{"rendered":"https:\/\/imgist.ru\/princzu-dzhordzhu-razreshat-ne-lozhitsya-spat-stolko-skolko-potrebuetsya-chtoby-posmotret-chempionat-mira-po-futbolu-vmeste-s-princzem-uilyamom\/"},"modified":"2026-06-02T19:19:04","modified_gmt":"2026-06-02T16:19:04","slug":"o-principe-george-tera-permissao-para-ficar-acordado-o-tempo-que-for-necessario-para-assistir-a-copa-do-mundo-junto-com-o-principe-uilyam","status":"publish","type":"post","link":"https:\/\/imgist.ru\/pt\/princzu-dzhordzhu-razreshat-ne-lozhitsya-spat-stolko-skolko-potrebuetsya-chtoby-posmotret-chempionat-mira-po-futbolu-vmeste-s-princzem-uilyamom\/","title":{"rendered":"O pr\u00edncipe George ter\u00e1 permiss\u00e3o para &quot;ficar acordado o tempo que for necess\u00e1rio para assistir&quot; \u00e0 Copa do Mundo com o pr\u00edncipe William."},"content":{"rendered":"<p>A Copa do Mundo da FIFA come\u00e7a na quinta-feira, 11 de junho, e, como uma fonte disse \u00e0 publica\u00e7\u00e3o, <em>Estrela<\/em> , \u00c9 s\u00f3 disso que eles falam. <strong>Pr\u00edncipe William<\/strong> e seu filho de 12 anos, <strong>Pr\u00edncipe George<\/strong> .<\/p>\n<p> \u00ab&quot;Eles t\u00eam um quadro branco enorme que fizeram juntos, com todas as partidas e seus respectivos hor\u00e1rios anotados&quot;, diz a fonte. &quot;Eles tentam planejar suas vidas em torno disso o m\u00e1ximo poss\u00edvel.&quot;.<\/p>\n<p> A Inglaterra n\u00e3o vence um torneio internacional de futebol h\u00e1 60 anos, mas o pr\u00f3prio William disse, durante uma visita recente ao centro de treinamento da equipe em St George&#039;s Park, em Burton-upon-Trent, Staffordshire, que &quot;parece que estamos nos aproximando desse objetivo&quot;, segundo a ESPN.<\/p>\n<p> \u00ab&quot;Prometeram a George que ele poderia ficar acordado at\u00e9 tarde para assistir a algumas partidas importantes&quot;, acrescenta a fonte. &quot;Agora que ele est\u00e1 quase com 13 anos, William quer lhe dar mais privil\u00e9gios de adulto.&quot;. <\/p>\n<p>&lt;img","protected":false},"excerpt":{"rendered":"<p>A Copa do Mundo da FIFA come\u00e7a na quinta-feira, 11 de junho, e, segundo uma fonte que falou ao Star, tudo gira em torno do Pr\u00edncipe William e\u2026<\/p>","protected":false},"author":1,"featured_media":7627,"comment_status":"open","ping_status":"closed","sticky":false,"template":"","format":"standard","meta":{"footnotes":""},"categories":[5],"tags":[],"class_list":["post-7626","post","type-post","status-publish","format-standard","has-post-thumbnail","hentry","category-selebriti","hvn-theme-has-thumbnail"],"_links":{"self":[{"href":"https:\/\/imgist.ru\/pt\/wp-json\/wp\/v2\/posts\/7626","targetHints":{"allow":["GET"]}}],"collection":[{"href":"https:\/\/imgist.ru\/pt\/wp-json\/wp\/v2\/posts"}],"about":[{"href":"https:\/\/imgist.ru\/pt\/wp-json\/wp\/v2\/types\/post"}],"author":[{"embeddable":true,"href":"https:\/\/imgist.ru\/pt\/wp-json\/wp\/v2\/users\/1"}],"replies":[{"embeddable":true,"href":"https:\/\/imgist.ru\/pt\/wp-json\/wp\/v2\/comments?post=7626"}],"version-history":[{"count":0,"href":"https:\/\/imgist.ru\/pt\/wp-json\/wp\/v2\/posts\/7626\/revisions"}],"wp:featuredmedia":[{"embeddable":true,"href":"https:\/\/imgist.ru\/pt\/wp-json\/wp\/v2\/media\/7627"}],"wp:attachment":[{"href":"https:\/\/imgist.ru\/pt\/wp-json\/wp\/v2\/media?parent=7626"}],"wp:term":[{"taxonomy":"category","embeddable":true,"href":"https:\/\/imgist.ru\/pt\/wp-json\/wp\/v2\/categories?post=7626"},{"taxonomy":"post_tag","embeddable":true,"href":"https:\/\/imgist.ru\/pt\/wp-json\/wp\/v2\/tags?post=7626"}],"curies":[{"name":"wp","href":"https:\/\/api.w.org\/{rel}","templated":true}]}}