{"id":7689,"date":"2026-06-02T20:05:17","date_gmt":"2026-06-02T17:05:17","guid":{"rendered":"https:\/\/imgist.ru\/fab-morvan-iz-milli-vanilli-otkazalsya-ot-uchastiya-v-konczerte-posvyashhennom-250-letiyu-svobody-on-prevratilsya-v-czirk\/"},"modified":"2026-06-02T20:05:17","modified_gmt":"2026-06-02T17:05:17","slug":"fab-morvan-do-milli-vanilli-desistiu-de-participar-de-um-show-em-comemoracao-aos-seus-250-anos-de-carreira-e-se-tornou-artista-de-circo","status":"publish","type":"post","link":"https:\/\/imgist.ru\/pt\/fab-morvan-iz-milli-vanilli-otkazalsya-ot-uchastiya-v-konczerte-posvyashhennom-250-letiyu-svobody-on-prevratilsya-v-czirk\/","title":{"rendered":"Fab Morvan, do Milli Vanilli, desistiu de participar do concerto de comemora\u00e7\u00e3o dos 250 anos do \u00e1lbum Freedom: &quot;Virou um circo&quot;."},"content":{"rendered":"<p>Fab Morvan, do Milli Vanilli, anunciou que n\u00e3o se apresentar\u00e1 no evento Freedom 250 da Great American State Fair, tornando-se o mais recente artista musical a se distanciar da controversa s\u00e9rie de concertos.<\/p>\n<p> Na noite de segunda-feira (1\u00ba de junho), Morvan compareceu \u00e0 CNN para discutir os motivos de sua desist\u00eancia da s\u00e9rie de shows atualmente programada para ocorrer entre 25 de junho e 10 de julho no National Mall, em Washington, D.C. O cantor, que anteriormente havia ignorado as cr\u00edticas em torno de sua participa\u00e7\u00e3o no evento, organizado por Keith Krach, indicado por Trump, agora mudou de ideia, admitindo que a controv\u00e9rsia se tornou insuport\u00e1vel. &quot;N\u00e3o foi para isso que me inscrevi&quot;, disse Morvan \u00e0 jornalista Laura Coates, da CNN, acrescentando que inicialmente lhe garantiram que o show seria apartid\u00e1rio, apesar de relatos contradit\u00f3rios.<\/p>\n<p> <strong>Mais da Rolling Stone<\/strong><\/p>\n<ul>\n<li>\n<p> Donald Trump se ofereceu para se apresentar pessoalmente em um concerto em homenagem ao 250\u00ba anivers\u00e1rio da liberdade: &quot;Apenas grandes patriotas est\u00e3o convidados.&quot;.<\/p>\n<\/li>\n<li>\n<p> Vanilla Ice defende sua apresenta\u00e7\u00e3o no show de comemora\u00e7\u00e3o dos 250 anos de Trump: &quot;Eu nem voto.&quot;.<\/p>\n<\/li>\n<li>\n<p> Integrante do Milli Vanilli concorrer\u00e1 com o Dalai Lama ao Grammy\u2026<\/p>\n<\/li>\n<\/ul>\n<p> \u00abQuando vi o Young MC ser retirado do local, pensei: \u201eQue estranho\u2026 O que ele sabe que eu n\u00e3o sei?\u201c Ent\u00e3o fiquei um pouco preocupado, e a\u00ed as pessoas come\u00e7aram a ir embora uma a uma. Mas minha equipe, e a outra equipe, me disseram: \u201eN\u00e3o tem nada a ver com pol\u00edtica.\u201c\u2026 Eu estava l\u00e1 para reunir as pessoas para que pudessem relembrar o passado, celebrar a vida. Era uma forma de dizer: \u201eEi, eu ainda estou aqui, voc\u00ea ainda est\u00e1 aqui. Vamos nos divertir juntos.\u201c Mas ao longo da semana, virou um circo. N\u00e3o me interesso por pol\u00edtica, ent\u00e3o voc\u00eas v\u00e3o ouvir isso aqui em primeira m\u00e3o: eu n\u00e3o estarei presente na celebra\u00e7\u00e3o de 26 de junho.\u00bb.<\/p>\n<p> Morvan j\u00e1 havia anunciado sua inten\u00e7\u00e3o de se apresentar no concerto Freedom 250, que ele via como uma oportunidade de unir os cidad\u00e3os americanos atrav\u00e9s da m\u00fasica e da comunidade. &quot;Estou aqui para entreter e unir as pessoas, n\u00e3o para dividi-las&quot;, disse Morvan em um comunicado. &quot;Vamos celebrar a vida e a m\u00fasica e fazer uma viagem no tempo. \u00c9 uma honra fazer parte da Great American State Fair, que celebra o 250\u00ba anivers\u00e1rio dos Estados Unidos, ao lado de tantos outros artistas incr\u00edveis. Estou ansioso para ver todos voc\u00eas nos Estados Unidos neste ver\u00e3o e finalmente ter a oportunidade de cantar m\u00fasicas do Milli Vanilli ao vivo!&quot;\u00ab<\/p>\n<p> Antes de desistir do evento, Morvan era um dos poucos artistas originalmente programados para se apresentar no Freedom 250 que ainda n\u00e3o haviam cancelado suas participa\u00e7\u00f5es.<\/p>\n<p> Vanilla Ice, criador do sucesso de 1990 &quot;Ice Ice Baby&quot;, minimizou a rea\u00e7\u00e3o negativa ao show, atribuindo-a \u00e0 sua natureza apol\u00edtica. &quot;Estamos apenas comemorando o anivers\u00e1rio do nosso pa\u00eds. O que h\u00e1 de t\u00e3o especial nisso?... Eu me apresentaria para qualquer pessoa&quot;, insistiu ele em entrevista \u00e0 CNN na segunda-feira (1\u00ba de junho).<\/p>\n<p> Ele acrescentou: &quot;Eu me apresentaria para a fam\u00edlia Biden ou para qualquer pessoa. N\u00e3o importa.&quot; Em entrevista ao TMZ, Ice afirmou que &quot;nunca votou na vida&quot; e disse que se apresentaria para &quot;Putin, qualquer um \u2014 eu iria at\u00e9 o Ir\u00e3. N\u00e3o importa.&quot;.<\/p>\n<p> O rapper Flo Rida permanece em sil\u00eancio sobre sua participa\u00e7\u00e3o no show Freedom 250. Um representante do rapper n\u00e3o respondeu ao pedido de coment\u00e1rio. <em>Rolling Stone<\/em> sobre o coment\u00e1rio feito ap\u00f3s o an\u00fancio da lista de participantes.<\/p>\n<p> V\u00e1rios artistas disseram que inicialmente aceitaram o convite para se apresentar porque o evento foi anunciado como &quot;apartid\u00e1rio&quot;, mas desistiram por se sentirem enganados. Entre os que recusaram o convite estavam Young MC, Martina McBride, The Commodores, Bret Michaels e Morris Day and the Time.<\/p>\n<p> No \u00faltimo fim de semana, o presidente Trump chamou os artistas que se recusaram a se apresentar no evento Freedom 250 de &quot;cantores superestimados que ningu\u00e9m quer ouvir, cuja m\u00fasica \u00e9 chata&quot;, chegando ao ponto de pedir aos organizadores que &quot;cancelassem&quot; o evento e expressar seu desejo de substituir o show por um com\u00edcio. Ele tamb\u00e9m se ofereceu para se apresentar no evento.<\/p>\n<p> <strong>O melhor da Rolling Stone<\/strong><\/p>\n<ul>\n<li>\n<p> \u00ab&quot;Stand by Me&quot;, de Ben E. King: 21 vers\u00f5es imperd\u00edveis.<\/p>\n<\/li>\n<li>\n<p> 25 m\u00fasicas que s\u00e3o realmente assustadoras<\/p>\n<\/li>\n<li>\n<p> Todas as 286 m\u00fasicas de Taylor Swift, listadas em ordem decrescente de popularidade.<\/p>\n<\/li>\n<\/ul>\n<p> Assine a newsletter da Rolling Stone. Para ficar por dentro das \u00faltimas not\u00edcias, siga-nos no Facebook, Twitter e Instagram.<\/p>","protected":false},"excerpt":{"rendered":"<p>Fab Morvan, do Milli Vanilli, anunciou que n\u00e3o se apresentar\u00e1 no evento Freedom 250 da Great American State Fair, tornando-se o mais recente artista musical a\u2026<\/p>","protected":false},"author":1,"featured_media":7690,"comment_status":"open","ping_status":"closed","sticky":false,"template":"","format":"standard","meta":{"footnotes":""},"categories":[7],"tags":[],"class_list":["post-7689","post","type-post","status-publish","format-standard","has-post-thumbnail","hentry","category-muzyka","hvn-theme-has-thumbnail"],"_links":{"self":[{"href":"https:\/\/imgist.ru\/pt\/wp-json\/wp\/v2\/posts\/7689","targetHints":{"allow":["GET"]}}],"collection":[{"href":"https:\/\/imgist.ru\/pt\/wp-json\/wp\/v2\/posts"}],"about":[{"href":"https:\/\/imgist.ru\/pt\/wp-json\/wp\/v2\/types\/post"}],"author":[{"embeddable":true,"href":"https:\/\/imgist.ru\/pt\/wp-json\/wp\/v2\/users\/1"}],"replies":[{"embeddable":true,"href":"https:\/\/imgist.ru\/pt\/wp-json\/wp\/v2\/comments?post=7689"}],"version-history":[{"count":0,"href":"https:\/\/imgist.ru\/pt\/wp-json\/wp\/v2\/posts\/7689\/revisions"}],"wp:featuredmedia":[{"embeddable":true,"href":"https:\/\/imgist.ru\/pt\/wp-json\/wp\/v2\/media\/7690"}],"wp:attachment":[{"href":"https:\/\/imgist.ru\/pt\/wp-json\/wp\/v2\/media?parent=7689"}],"wp:term":[{"taxonomy":"category","embeddable":true,"href":"https:\/\/imgist.ru\/pt\/wp-json\/wp\/v2\/categories?post=7689"},{"taxonomy":"post_tag","embeddable":true,"href":"https:\/\/imgist.ru\/pt\/wp-json\/wp\/v2\/tags?post=7689"}],"curies":[{"name":"wp","href":"https:\/\/api.w.org\/{rel}","templated":true}]}}