{"id":8059,"date":"2026-06-02T22:16:14","date_gmt":"2026-06-02T19:16:14","guid":{"rendered":"https:\/\/imgist.ru\/vicze-prezident-netflix-po-svyazyam-s-obshhestvennostyu-emili-fejngold-pokidaet-kompaniyu\/"},"modified":"2026-06-02T22:16:14","modified_gmt":"2026-06-02T19:16:14","slug":"emily-fejngold-presidente-de-relacoes-publicas-da-netflix-esta-deixando-a-empresa","status":"publish","type":"post","link":"https:\/\/imgist.ru\/pt\/vicze-prezident-netflix-po-svyazyam-s-obshhestvennostyu-emili-fejngold-pokidaet-kompaniyu\/","title":{"rendered":"Emily Feingold, vice-presidente de comunica\u00e7\u00f5es da Netflix, est\u00e1 deixando a empresa."},"content":{"rendered":"<p>Emily Feingold, que trabalha na Netflix desde 2017 e atuava mais recentemente como vice-presidente de comunica\u00e7\u00f5es, est\u00e1 deixando o servi\u00e7o de streaming.<\/p>\n<p> \u00ab&quot;Emily tem sido uma integrante dedicada da equipe da Netflix por oito anos, dando contribui\u00e7\u00f5es significativas. Somos profundamente gratos por tudo o que ela fez por nossa equipe e pela empresa, e desejamos a ela muito sucesso em seus projetos futuros&quot;, disse Dani Dudek, diretora de comunica\u00e7\u00e3o, em um comunicado.<\/p>\n<p> <strong>Mais not\u00edcias do Deadline<\/strong><\/p>\n<ul>\n<li>\n<p> Rachelle Lefevre e Charlotte Sullivan se juntaram ao elenco da segunda temporada de Little House on the Prairie, na Netflix.<\/p>\n<\/li>\n<li>\n<p> O novo chefe de conte\u00fado n\u00e3o-ficcional da Netflix no Reino Unido anuncia uma &quot;enorme lista&quot; de produ\u00e7\u00f5es originais e promete uma temporada de estreia &quot;ousada&quot; \u2014 Reality TV Summit UK<\/p>\n<\/li>\n<li>\n<p> Matt Duffer, criador de Stranger Things, afirma que o p\u00fablico jovem de cinema e televis\u00e3o &quot;expressa abertamente seu desejo por hist\u00f3rias originais&quot;.<\/p>\n<\/li>\n<\/ul>\n<p> Feingold ingressou na Netflix como parte da equipe de lideran\u00e7a da divis\u00e3o de filmes, numa \u00e9poca em que o servi\u00e7o de streaming estava expandindo rapidamente seu programa de filmes originais. \u00c0 medida que o neg\u00f3cio crescia, sua equipe de reporte tamb\u00e9m aumentava; eventualmente, ela se tornou respons\u00e1vel por todas as comunica\u00e7\u00f5es da Netflix nos Estados Unidos e no Canad\u00e1.<\/p>\n<p> O papel de Feingold mudou recentemente para uma lideran\u00e7a mais focada na comunica\u00e7\u00e3o de conte\u00fado para os EUA e Canad\u00e1, visto que a equipe contratou novos executivos, incluindo Dudek e a nova vice-presidente de comunica\u00e7\u00e3o corporativa global, Kelly Pakula. Dentro da equipe corporativa, a Netflix anunciou recentemente a nomea\u00e7\u00e3o de duas novas executivas: a diretora s\u00eanior de comunica\u00e7\u00e3o de produto e tecnologia, Malorie Lucic, e a chefe de comunica\u00e7\u00e3o pol\u00edtica e assuntos externos dos EUA, Caitlin Conant, ambas baseadas em Washington.<\/p>\n<p> Feingold foi respons\u00e1vel pela comunica\u00e7\u00e3o em momentos cruciais para a Netflix, incluindo a recente aquisi\u00e7\u00e3o da Warner Bros. e da HBO Max pelo servi\u00e7o de streaming, sem mencionar o lan\u00e7amento limitado nos cinemas de filmes como o vencedor do Oscar. <em>\u00abRoma\u00bb<\/em> 2018 e o filme de 3 horas e meia de Martin Scorsese <em>\u00ab&quot;Irland\u00eas<\/em> \u00bb&quot;Em 2019, al\u00e9m de ser o primeiro filme da Netflix a alcan\u00e7ar o primeiro lugar nas bilheterias,&quot;\u00ab <em>&quot;Ca\u00e7adores de Dem\u00f4nios&quot; (K-Pop) no ver\u00e3o passado,<\/em> e o lan\u00e7amento em grande escala no pr\u00f3ximo ano - <em>\u00abAs Cr\u00f4nicas de N\u00e1rnia de Greta Gerwig.<\/em> Al\u00e9m disso, Feingold liderou a comunica\u00e7\u00e3o da Netflix durante sua entrada nos mercados de publicidade, jogos, eventos ao vivo e relat\u00f3rios de audi\u00eancia global de servi\u00e7os de streaming.<\/p>\n<p> Antes de ingressar na Netflix, Feingold atuou como Vice-Presidente S\u00eanior de Estrat\u00e9gia Corporativa e Comunica\u00e7\u00f5es na empresa de private equity Andell, Inc. Anteriormente, passou 13 anos na cidade de Nova York, incluindo o cargo de Vice-Presidente de Comunica\u00e7\u00f5es Corporativas na Ralph Lauren e na The Weinstein Company. Feingold iniciou sua carreira na Casa Branca durante o governo Clinton.<\/p>\n<p> <strong>O melhor do Deadline<\/strong><\/p>\n<ul>\n<li>\n<p> Galeria de fotos do tapete vermelho do Emmy Awards 2025: CEOs<\/p>\n<\/li>\n<li>\n<p> Galeria de fotos do tapete vermelho do Emmy Awards 2024: CEOs.<\/p>\n<\/li>\n<\/ul>\n<p> Assine a newsletter do Deadline. Para ficar por dentro das \u00faltimas not\u00edcias, siga-nos no Facebook, Twitter e Instagram.<\/p>","protected":false},"excerpt":{"rendered":"<p>Emily Feingold, que trabalha na Netflix desde 2017 e, mais recentemente, ocupava o cargo de vice-presidente de comunica\u00e7\u00f5es, est\u00e1 deixando o servi\u00e7o de streaming. &quot;Por oito anos, Emily foi...<\/p>","protected":false},"author":1,"featured_media":8060,"comment_status":"open","ping_status":"closed","sticky":false,"template":"","format":"standard","meta":{"footnotes":""},"categories":[6],"tags":[],"class_list":["post-8059","post","type-post","status-publish","format-standard","has-post-thumbnail","hentry","category-kinoindustriya","hvn-theme-has-thumbnail"],"_links":{"self":[{"href":"https:\/\/imgist.ru\/pt\/wp-json\/wp\/v2\/posts\/8059","targetHints":{"allow":["GET"]}}],"collection":[{"href":"https:\/\/imgist.ru\/pt\/wp-json\/wp\/v2\/posts"}],"about":[{"href":"https:\/\/imgist.ru\/pt\/wp-json\/wp\/v2\/types\/post"}],"author":[{"embeddable":true,"href":"https:\/\/imgist.ru\/pt\/wp-json\/wp\/v2\/users\/1"}],"replies":[{"embeddable":true,"href":"https:\/\/imgist.ru\/pt\/wp-json\/wp\/v2\/comments?post=8059"}],"version-history":[{"count":0,"href":"https:\/\/imgist.ru\/pt\/wp-json\/wp\/v2\/posts\/8059\/revisions"}],"wp:featuredmedia":[{"embeddable":true,"href":"https:\/\/imgist.ru\/pt\/wp-json\/wp\/v2\/media\/8060"}],"wp:attachment":[{"href":"https:\/\/imgist.ru\/pt\/wp-json\/wp\/v2\/media?parent=8059"}],"wp:term":[{"taxonomy":"category","embeddable":true,"href":"https:\/\/imgist.ru\/pt\/wp-json\/wp\/v2\/categories?post=8059"},{"taxonomy":"post_tag","embeddable":true,"href":"https:\/\/imgist.ru\/pt\/wp-json\/wp\/v2\/tags?post=8059"}],"curies":[{"name":"wp","href":"https:\/\/api.w.org\/{rel}","templated":true}]}}