{"id":8381,"date":"2026-06-03T01:05:12","date_gmt":"2026-06-02T22:05:12","guid":{"rendered":"http:\/\/imgist.ru\/estestvennye-kudri-tejlor-svift-redko-poyavlyayutsya-na-minimalistichnoj-oblozhke-novogo-singla-istoriya-igrushek-5\/"},"modified":"2026-08-29T11:59:32","modified_gmt":"2026-08-29T08:59:32","slug":"os-cachos-naturais-de-taylor-swift-fazem-uma-rara-aparicao-na-capa-minimalista-do-novo-single-de-toy-story-5","status":"publish","type":"post","link":"https:\/\/imgist.ru\/pt\/estestvennye-kudri-tejlor-svift-redko-poyavlyayutsya-na-minimalistichnoj-oblozhke-novogo-singla-istoriya-igrushek-5\/","title":{"rendered":"Os cachos naturais de Taylor Swift fazem uma rara apari\u00e7\u00e3o na capa minimalista de seu novo single, &quot;Toy Story 5&quot;."},"content":{"rendered":"<h3>PRECISA SABER<\/h3>\n<ul>\n<li>\n<p> Taylor Swift exibe seus cachos na capa de seu novo single dedicado a <em>desenho animado &quot;Toy Story 5&quot;.<\/em><\/p>\n<\/li>\n<li>\n<p> A cantora exibiu seus cabelos cacheados enquanto promovia a nova m\u00fasica, que \u00e9 seu primeiro lan\u00e7amento desde <em>\u00e1lbum The Life of a Showgirl.<\/em><\/p>\n<\/li>\n<li>\n<p> Em uma entrevista anterior, Swift falou sobre como seu cabelo mudou com a idade.<\/p>\n<\/li>\n<\/ul>\n<p> Esta n\u00e3o \u00e9 a primeira vez que Taylor Swift lida com cachos.<\/p>\n<p> A vencedora do Grammy, de 36 anos, est\u00e1 lan\u00e7ando um novo single para o desenho animado. <em>\u00abToy Story 5\u00bb<\/em> , que foi anunciada na segunda-feira, 1\u00ba de junho. Na capa da m\u00fasica, ela inesperadamente exibe a textura natural de seu cabelo.<\/p>\n<p> Nos \u00faltimos anos, a cantora de &quot;Opalite&quot; exibiu cabelos longos, lisos e loiros, mas na nova foto, ela aparece com um penteado texturizado no estilo boho-western, com franja. <\/p>\n<p> Taylor Swift promove seu novo single &quot;I Knew It, I Knew You&quot; da trilha sonora de &quot;Toy Story 5&quot;. Foto: Beth Garrabrant\/Disney Pixar<\/p>\n<p> Uma das \u00faltimas vezes em que a vencedora do Grammy foi vista com os cabelos loiros foi em 2024, durante uma festa em Sydney com a amiga Sabrina Carpenter. Naquela noite, ela usava o cabelo solto, optando por um look casual, por\u00e9m estiloso. No in\u00edcio daquele ano, ela tamb\u00e9m voltou a exibir esse visual retr\u00f4 enquanto apoiava seu ent\u00e3o noivo, Travis Kelce, em uma de suas partidas de futebol.<\/p>\n<p> Os f\u00e3s geralmente associam o cabelo natural de Swift ao in\u00edcio de sua carreira, j\u00e1 que ele apareceu nas capas de seus primeiros \u00e1lbuns, incluindo <em>Taylor Swift<\/em> 2006, <em>Destemido<\/em> 2008 e <em>Fale agora<\/em> 2010.<\/p>\n<p> Em um artigo para a revista <em>Ela<\/em> , Em uma publica\u00e7\u00e3o dedicada ao seu anivers\u00e1rio de 30 anos, Swift compartilhou como seu cabelo mudou ao longo dos anos. &quot;Aprendi que a textura do cabelo pode mudar completamente&quot;, escreveu ela. &quot;Nasci com o cabelo incrivelmente cacheado e agora ele \u00e9 LISO. \u00c9 o mesmo cabelo liso com que eu sonhava todos os dias no ensino fundamental. Mas justo quando comecei a aceitar que amava meus cachos, eles me abandonaram. Por favor, rezem pelo seu retorno seguro.&quot;.<\/p>\n<p> Taylor Swift revelou o lan\u00e7amento de sua nova m\u00fasica juntamente com uma contagem regressiva que apareceu em seu site oficial. A publica\u00e7\u00e3o apresentava uma imagem de Jessie, do filme, dan\u00e7ando em um telhado, e um outdoor id\u00eantico aos que j\u00e1 apareceram em diversas cidades, contendo apenas as letras &quot;TS&quot; e 13 nuvens brancas e fofas. <\/p>\n<p> Taylor Swift em 2007. Foto: Tony R. Phipps\/WireImage<\/p>\n<p> No Instagram, ela revelou o t\u00edtulo da faixa: &quot;I Knew It, I Knew You&quot;. Essa ser\u00e1 sua primeira m\u00fasica in\u00e9dita desde o lan\u00e7amento do \u00e1lbum. <em>\u00abA Vida de uma Corista\u00bb<\/em> Em 2025, e marcar\u00e1 um reencontro com seu frequente colaborador e amigo Jack Antonoff.<\/p>\n<p> <strong>N\u00e3o perca nenhuma novidade - inscreva-se!<\/strong> <strong>newsletter di\u00e1ria gratuita PEOPLE<\/strong> <strong>, Para ficar por dentro do melhor que a revista PEOPLE tem a oferecer, desde not\u00edcias sobre celebridades at\u00e9 hist\u00f3rias humanas inspiradoras.<\/strong><\/p>\n<p> \u00ab&quot;Isto \u00e9 Hist\u00f3ria&quot; <em>brinquedos<\/em> \u00bb&quot;\ud83e\udd20,&quot; ela escreveu na legenda. &quot;Voc\u00eas sabiam! Minha nova m\u00fasica original, &#039;I Knew It, I Knew You&#039;, para Toy Story 5 da Disney e da @pixar, ser\u00e1 lan\u00e7ada dia 5 de junho. Sempre sonhei em escrever m\u00fasicas para esses personagens, que eu adoro desde os cinco anos de idade, quando assisti ao primeiro filme.&quot;\u00bb <em>Toy Story<\/em> \u00bb.<\/p>\n<p> \u00abEu me apaixonei instantaneamente por <em>\u00abToy Story 5,<\/em> &quot;Quando tive a sorte de assistir ao filme antes do lan\u00e7amento, escrevi essa m\u00fasica assim que cheguei em casa. \u00c0s vezes a gente simplesmente... sabe, n\u00e9?&quot;, continuou ela.<\/p>\n<p> A m\u00fasica &quot;I Knew It, I Knew You&quot; j\u00e1 est\u00e1 dispon\u00edvel para pr\u00e9-venda exclusivamente no site da Taylor Swift, e a estreia acontece em breve. <em>desenho animado &quot;Toy Story 5&quot;\u00ab<\/em> Ser\u00e1 lan\u00e7ado nos cinemas em 19 de junho.<\/p>\n<p> Leia o artigo original na revista People.<\/p>","protected":false},"excerpt":{"rendered":"<p>VOC\u00ca PRECISA SABER: Taylor Swift exibe seus cachos na capa de seu novo single, dedicado ao filme de anima\u00e7\u00e3o &quot;Toy Story 5&quot;. A cantora destacou seus cabelos cacheados durante a promo\u00e7\u00e3o\u2026<\/p>","protected":false},"author":1,"featured_media":8382,"comment_status":"open","ping_status":"closed","sticky":false,"template":"","format":"standard","meta":{"footnotes":""},"categories":[7],"tags":[],"class_list":["post-8381","post","type-post","status-publish","format-standard","has-post-thumbnail","hentry","category-muzyka","hvn-theme-has-thumbnail"],"_links":{"self":[{"href":"https:\/\/imgist.ru\/pt\/wp-json\/wp\/v2\/posts\/8381","targetHints":{"allow":["GET"]}}],"collection":[{"href":"https:\/\/imgist.ru\/pt\/wp-json\/wp\/v2\/posts"}],"about":[{"href":"https:\/\/imgist.ru\/pt\/wp-json\/wp\/v2\/types\/post"}],"author":[{"embeddable":true,"href":"https:\/\/imgist.ru\/pt\/wp-json\/wp\/v2\/users\/1"}],"replies":[{"embeddable":true,"href":"https:\/\/imgist.ru\/pt\/wp-json\/wp\/v2\/comments?post=8381"}],"version-history":[{"count":2,"href":"https:\/\/imgist.ru\/pt\/wp-json\/wp\/v2\/posts\/8381\/revisions"}],"predecessor-version":[{"id":152165,"href":"https:\/\/imgist.ru\/pt\/wp-json\/wp\/v2\/posts\/8381\/revisions\/152165"}],"wp:featuredmedia":[{"embeddable":true,"href":"https:\/\/imgist.ru\/pt\/wp-json\/wp\/v2\/media\/8382"}],"wp:attachment":[{"href":"https:\/\/imgist.ru\/pt\/wp-json\/wp\/v2\/media?parent=8381"}],"wp:term":[{"taxonomy":"category","embeddable":true,"href":"https:\/\/imgist.ru\/pt\/wp-json\/wp\/v2\/categories?post=8381"},{"taxonomy":"post_tag","embeddable":true,"href":"https:\/\/imgist.ru\/pt\/wp-json\/wp\/v2\/tags?post=8381"}],"curies":[{"name":"wp","href":"https:\/\/api.w.org\/{rel}","templated":true}]}}