{"id":8429,"date":"2026-06-03T01:14:55","date_gmt":"2026-06-02T22:14:55","guid":{"rendered":"https:\/\/imgist.ru\/zriteli-shou-dzhimmi-kimmela-privetstvovali-etu-unizitelnuyu-novost-o-trampe\/"},"modified":"2026-08-29T11:59:40","modified_gmt":"2026-08-29T08:59:40","slug":"os-telespectadores-do-programa-de-jimmy-kimmel-receberam-bem-a-noticia-humilhante-sobre-trump","status":"publish","type":"post","link":"https:\/\/imgist.ru\/pt\/zriteli-shou-dzhimmi-kimmela-privetstvovali-etu-unizitelnuyu-novost-o-trampe\/","title":{"rendered":"Os telespectadores do programa de Jimmy Kimmel comemoraram a not\u00edcia humilhante sobre Trump."},"content":{"rendered":"<h2>Jimmy Kimmel e sua plateia comemoraram a decis\u00e3o judicial de segunda-feira contra o presidente Donald Trump, que provocou indigna\u00e7\u00e3o nas redes sociais. <\/h2>\n<p> ABC\/Jimmy Kimmel Live! \/ Via youtube.com<\/p>\n<h2> \u00ab&quot;Lembra como aquele maluco conseguiu que adicionassem o nome dele ao Kennedy Center? &#039;Trump Kennedy Center&#039;?&quot;, perguntou ele. &quot;Na sexta-feira, um juiz federal determinou que o nome dele deve ser removido.&quot; A not\u00edcia foi recebida com grande entusiasmo. <\/h2>\n<p> Al Drago \/ Getty Images<\/p>\n<p> <strong>Sobre o assunto: Este estrategista pol\u00edtico prev\u00ea o momento exato em que Trump poder\u00e1 deixar o cargo, e seus argumentos s\u00e3o bastante convincentes.<\/strong><\/p>\n<h2> \u00ab&quot;Isso realmente o afetou&quot;, observou Kimmel. &quot;Ele publicou duas longas diatribes raivosas.&quot; Kimmel exibiu todas essas longas postagens na tela para que os telespectadores pudessem ver o qu\u00e3o extensas eram as mensagens presidenciais. <\/h2>\n<p> ABC\/Jimmy Kimmel Live! \/ Via youtube.com<\/p>\n<p> <strong>Relacionado: Gavin Newsom deu sua melhor resposta at\u00e9 agora \u00e0s fotos da Casa Branca que promovem uma luta do UFC no gramado sul no pr\u00f3ximo ver\u00e3o.<\/strong><\/p>\n<h2> \u00ab&quot;Ele disse que abandonou seu plano de reforma&quot;, observou Kimmel. &quot;Ele est\u00e1 devolvendo o pr\u00e9dio ao Congresso para que eles resolvam a situa\u00e7\u00e3o. Ele n\u00e3o tem mais interesse.&quot;. <\/h2>\n<p> ABC\/Jimmy Kimmel Live! \/ Via youtube.com<\/p>\n<h2> Kimmel tentou tranquilizar o presidente, insinuando: &quot;Mas n\u00e3o se preocupe&quot;, disse ele. &quot;O nome de Trump permanecer\u00e1 para sempre inscrito nos documentos ainda n\u00e3o classificados do caso Trump-Epstein.&quot;. <\/h2>\n<p> ABC\/Jimmy Kimmel Live! \/ Via youtube.com<\/p>\n<p> <strong>Mudando de assunto: Gavin Newsom acaba de dar a Stephen Miller um apelido que est\u00e1 causando alvoro\u00e7o na internet.<\/strong><\/p>\n<h2> No in\u00edcio deste ano, Kimmel pediu que os arquivos relacionados ao falecido criminoso sexual condenado Jeffrey Epstein parassem de ser chamados simplesmente de &quot;arquivos Epstein&quot;. Em vez disso, ele sugeriu que fossem chamados de &quot;arquivos Trump-Epstein&quot;, visto que o presidente j\u00e1 foi amigo pr\u00f3ximo de Epstein e que, segundo o deputado democrata de Maryland, Jamie Raskin, uma busca pelo nome de Trump nos arquivos n\u00e3o editados gerou &quot;mais de um milh\u00e3o de resultados&quot;. <\/h2>\n<p> Kevin Winter\/Getty Images<\/p>\n<h2> Leia mais em seu mon\u00f3logo na noite de segunda-feira:<\/h2>\n<p> <strong>Sobre o assunto: Donald Trump n\u00e3o gostou da capa da revista Time... Mas provavelmente vai gostar muito mais destas 16 fotos.<\/strong><\/p>\n<p> <em>Este artigo foi originalmente publicado no HuffPost.<\/em><\/p>\n<p> <strong>Seu exerc\u00edcio cerebral di\u00e1rio: a maioria das pessoas n\u00e3o conseguir\u00e1 completar a sequ\u00eancia de palavras complexas neste fim de semana \u2014 voc\u00ea consegue?<\/strong><\/p>\n<p> <strong>Tamb\u00e9m na se\u00e7\u00e3o de Not\u00edcias: 39 fotos deste m\u00eas que, sem d\u00favida, um dia entrar\u00e3o para a hist\u00f3ria.<\/strong><\/p>\n<p> <strong>Tamb\u00e9m nas not\u00edcias: Depois que essas fotos de Trump viralizaram, as pessoas o est\u00e3o chamando de &quot;nojento&quot; e &quot;um verdadeiro peda\u00e7o de merda&quot;.<\/strong><\/p>\n<p> <strong>Leia mais sobre isso no BuzzFeed.com<\/strong><\/p>","protected":false},"excerpt":{"rendered":"<p>Na segunda-feira, Jimmy Kimmel e sua plateia comemoraram a decis\u00e3o da Suprema Corte contra o presidente Donald Trump, que gerou indigna\u00e7\u00e3o nas redes sociais. ABC\/Jimmy Kimmel\u2026<\/p>","protected":false},"author":1,"featured_media":8430,"comment_status":"open","ping_status":"closed","sticky":false,"template":"","format":"standard","meta":{"footnotes":""},"categories":[6],"tags":[],"class_list":["post-8429","post","type-post","status-publish","format-standard","has-post-thumbnail","hentry","category-kinoindustriya","hvn-theme-has-thumbnail"],"_links":{"self":[{"href":"https:\/\/imgist.ru\/pt\/wp-json\/wp\/v2\/posts\/8429","targetHints":{"allow":["GET"]}}],"collection":[{"href":"https:\/\/imgist.ru\/pt\/wp-json\/wp\/v2\/posts"}],"about":[{"href":"https:\/\/imgist.ru\/pt\/wp-json\/wp\/v2\/types\/post"}],"author":[{"embeddable":true,"href":"https:\/\/imgist.ru\/pt\/wp-json\/wp\/v2\/users\/1"}],"replies":[{"embeddable":true,"href":"https:\/\/imgist.ru\/pt\/wp-json\/wp\/v2\/comments?post=8429"}],"version-history":[{"count":6,"href":"https:\/\/imgist.ru\/pt\/wp-json\/wp\/v2\/posts\/8429\/revisions"}],"predecessor-version":[{"id":152226,"href":"https:\/\/imgist.ru\/pt\/wp-json\/wp\/v2\/posts\/8429\/revisions\/152226"}],"wp:featuredmedia":[{"embeddable":true,"href":"https:\/\/imgist.ru\/pt\/wp-json\/wp\/v2\/media\/8430"}],"wp:attachment":[{"href":"https:\/\/imgist.ru\/pt\/wp-json\/wp\/v2\/media?parent=8429"}],"wp:term":[{"taxonomy":"category","embeddable":true,"href":"https:\/\/imgist.ru\/pt\/wp-json\/wp\/v2\/categories?post=8429"},{"taxonomy":"post_tag","embeddable":true,"href":"https:\/\/imgist.ru\/pt\/wp-json\/wp\/v2\/tags?post=8429"}],"curies":[{"name":"wp","href":"https:\/\/api.w.org\/{rel}","templated":true}]}}