{"id":8574,"date":"2026-06-03T02:21:04","date_gmt":"2026-06-02T23:21:04","guid":{"rendered":"https:\/\/imgist.ru\/dzhejson-sudejkis-govorit-chto-vstrechatsya-so-slishkom-mnogimi-lyudmi-eto-pugayushhe\/"},"modified":"2026-08-29T11:59:58","modified_gmt":"2026-08-29T08:59:58","slug":"jason-sudejkis-diz-que-conhecer-muita-gente-e-assustador","status":"publish","type":"post","link":"https:\/\/imgist.ru\/pt\/dzhejson-sudejkis-govorit-chto-vstrechatsya-so-slishkom-mnogimi-lyudmi-eto-pugayushhe\/","title":{"rendered":"Jason Sudeikis diz que namorar muitas pessoas \u00e9 &quot;assustador&quot;."},"content":{"rendered":"<p>O artigo original foi publicado no site E! Online.<\/p>\n<p> <strong>Jason Sudeikis<\/strong> N\u00e3o tenho nada a esconder sobre minha vida pessoal.<\/p>\n<p> A estrela do filme <em>\u00abTed Lasso\u00bb<\/em> confirmou que est\u00e1 solteiro quase seis anos ap\u00f3s o t\u00e9rmino com <strong>Olivia Wilde<\/strong> , com quem ele tem filhos <strong>Otis<\/strong> , 12 anos de idade, e <strong>Margarida<\/strong> , 9 anos de idade. E embora reconhe\u00e7a que ser solteiro tem seus pr\u00f3s e contras, ele n\u00e3o est\u00e1 interessado em se precipitar em um novo relacionamento.<\/p>\n<p> \u00ab&quot;N\u00e3o estou numa fase da minha vida em que goste ou me sinta satisfeito em namorar muitas pessoas ao mesmo tempo&quot;, explicou Jason no epis\u00f3dio do podcast. <em>Amigos guardam segredos<\/em> 2 de junho. &quot;Parece-me assustador e opressor.&quot;.<\/p>\n<p> E muito disso se deve ao fato de ele ser pai, porque os filhos sempre ser\u00e3o sua prioridade m\u00e1xima.<\/p>\n<p> \u00ab&quot;Ningu\u00e9m com quem eu namoro jamais \u00e9 o primeiro da lista de convidados, como se diz no mundo do entretenimento&quot;, disse a atriz de 50 anos. &quot;Mas as crian\u00e7as s\u00e3o.&quot;.<\/p>\n<p> \u00ab&quot;Provavelmente at\u00e9 mais do que eu&quot;, acrescentou. &quot;E a\u00ed, conforme voc\u00ea envelhece, chega um ponto em que voc\u00ea percebe: &#039;Meu Deus, eu preciso garantir que meu copo esteja cheio para que os outros tamb\u00e9m possam ter o excedente.&#039;&quot;.<\/p>\n<p> <strong>Mais not\u00edcias do E! Online<\/strong><\/p>\n<ul>\n<li>\n<p> Foram divulgados detalhes sobre a morte da irm\u00e3 de Jamie Lee Curtis, Kelly Lee Curtis.<\/p>\n<\/li>\n<li>\n<p> Britney Spears exibiu uma mudan\u00e7a de penteado estilosa \u2013 foto de Chris Appleton.<\/p>\n<\/li>\n<li>\n<p> <em>Not\u00edcias da vida universit\u00e1ria<\/em> Mika Abdallah e seu noivo, Jake Short, terminaram o relacionamento e cancelaram o noivado.<\/p>\n<\/li>\n<\/ul>\n<p> Quanto \u00e0 sua posi\u00e7\u00e3o sobre a possibilidade de ter mais filhos? Ele definitivamente n\u00e3o descartaria a ideia de ter outro filho, especialmente se &quot;se apaixonar novamente&quot;.<\/p>\n<p> Revela\u00e7\u00f5es de um ex-participante do programa <em>Saturday Night Live<\/em> Isso aconteceu quase seis anos depois de ele e Olivia terem terminado o noivado de sete anos, em novembro de 2020.<\/p>\n<p> E, como Jason j\u00e1 havia mencionado em rela\u00e7\u00e3o ao t\u00e9rmino do relacionamento, ele esperava que com o tempo pudesse entender melhor os motivos do ocorrido. <\/p>\n<p> Axel\/Bauer-Griffin\/FilmMagic<\/p>\n<p> \u00abDaqui a um ano, entenderei melhor por que isso aconteceu\u201d, disse ele. <em>em entrevista \u00e0 GQ<\/em> Em 2021, e daqui a dois anos, melhor ainda, e daqui a cinco anos, deixar\u00e1 de ser um livro sobre a minha vida para se tornar um cap\u00edtulo, depois um par\u00e1grafo, depois uma linha, depois uma palavra e, por fim, um desenho.\u00bb.<\/p>\n<p> \u00ab&quot;\u00c9 uma experi\u00eancia da qual voc\u00ea aprende uma li\u00e7\u00e3o ou come\u00e7a a dar desculpas&quot;, explicou ele. &quot;Voc\u00ea assume alguma responsabilidade, aceita a presta\u00e7\u00e3o de contas por suas a\u00e7\u00f5es, mas tamb\u00e9m tenta aprender mais do que apenas as li\u00e7\u00f5es \u00f3bvias.&quot;.<\/p>\n<p> Ap\u00f3s terminar o relacionamento com Olivia, Jason come\u00e7ou a namorar uma colega de elenco. <em>\u00abTed Lasso\u00bb<\/em> <strong>Keeley Hazel<\/strong> de 2021 a 2022, e tamb\u00e9m houve rumores sobre seu caso com <strong>Elsie Hewitt<\/strong> em 2024.<\/p>\n<p> Para relembrar os momentos que Jason e Olivia passaram juntos, continue lendo.<\/p>\n<h3> Mini-Mi <\/h3>\n<p> Olivia e Daisy comemoram o Dia Nacional das Filhas com um carinhoso abra\u00e7o.<\/p>\n<\/p>\n<h3> Futuro roqueiro <\/h3>\n<p> \u00ab&quot;\u00c9 t\u00e3o bom ser o Otis&quot;, disse Olivia, acrescentando que eles o adoram. <strong>Em Busca do Amor<\/strong> .<\/p>\n<\/p>\n<h3> Guru dos Jogos <\/h3>\n<p> Em abril de 2020, o diretor brincou: &quot;Nunca vi ningu\u00e9m trapacear t\u00e3o descaradamente.&quot;.<\/p>\n<\/p>\n<h3> Pequena bailarina <\/h3>\n<p> Daisy obviamente herdou seu talento para atua\u00e7\u00e3o de seus pais.<\/p>\n<\/p>\n<h3> A pose perfeita de Hollywood <\/h3>\n<p> Em homenagem ao Dia Nacional dos Irm\u00e3os de 2020, o diretor do filme &quot;\u00ab <em>N\u00e3o se preocupe, querida.<\/em> \u00bb&quot;Legendou esta foto: &quot;\u00c9 importante ter um assistente.&quot;.<\/p>\n<\/p>\n<h3> Greve dos escritores <\/h3>\n<p> Olivia levou seus filhos \u00e0 greve dos roteiristas de 2023 e escreveu: &quot;Entre as principais lembran\u00e7as est\u00e1 o aprendizado sobre a gan\u00e2ncia corporativa, mesmo quando quer\u00edamos amar a Netflix.&quot;.<\/p>\n<\/p>\n<h3> Pegadinhas <\/h3>\n<p> \u00ab&quot;Pequeno P\u00e9 Grande&quot;, ela legendou a foto em outubro de 2020.<\/p>\n<\/p>\n<h3> A imagina\u00e7\u00e3o se revela <\/h3>\n<p> Algumas travessuras aconteceram em mar\u00e7o de 2019.<\/p>\n<\/p>\n<h3> Dia Nacional dos Irm\u00e3os <\/h3>\n<p> Em um v\u00eddeo que ela postou em abril de 2019, skatistas brincam juntos: &quot;Feliz Dia Nacional dos Irm\u00e3os para essas crian\u00e7as incr\u00edveis que me deixam ficar com elas o tempo todo, contanto que eu leve lanches.&quot;.<\/p>\n<\/p>\n<h3> Margarida Querida <\/h3>\n<p> A atriz brincou: &quot;Parece que ela acabou de perceber que dormiu com a mulher errada.&quot;.<\/p>\n<\/p>\n<h3> Superpoderes <\/h3>\n<p> Em 2020, no Dia Nacional das Filhas, Olivia chamou Daisy de &quot;minha super-hero\u00edna vezes infinita mais um milh\u00e3o&quot;.<\/p>\n<\/p>\n<h3> Deixa para l\u00e1 <\/h3>\n<p> \u00ab&quot;O ver\u00e3o foi como Frozen&quot;, escreveu Olivia simplesmente em julho de 2019.<\/p>\n<\/p>\n<h3> Sess\u00e3o de selfies <\/h3>\n<p> O casal irradiava felicidade enquanto aproveitava o belo dia.<\/p>\n<\/p>\n<h3> Hora de dormir <\/h3>\n<p> Diretor de cinema <em>\u00abBooksmart\u00bb<\/em> Compartilhou: &quot;Meu lugar favorito para dormir.&quot;.<\/p>\n<\/p>\n<h3> Visita ao Museu de Hist\u00f3ria Natural <\/h3>\n<p> Ao publicar uma foto do museu de Londres, Olivia escreveu: &quot;Meu povo. (Uma pergunta r\u00e1pida: quantas vezes voc\u00ea pode lavar o vestido da Elsa antes que seus poderes sejam liberados, causando uma nova era do gelo e\/ou o vestido rasgando?)&quot;\u00ab<\/p>\n<\/p>\n<h3> amigo de pel\u00facia <\/h3>\n<p> \u00ab&quot;Ningu\u00e9m est\u00e1 falando sobre como os bichinhos de pel\u00facia est\u00e3o se saindo em toda essa situa\u00e7\u00e3o&quot;, brincou Olivia em setembro de 2020.<\/p>\n<\/p>\n<h3> As Incr\u00edveis Aventuras do Homem-Aranha <\/h3>\n<p> Olivia compartilhou uma foto dela mesma usando o traje no jardim.<\/p>\n<p> Para ficar por dentro das \u00faltimas not\u00edcias, clique aqui para baixar o aplicativo E! News.<\/p>","protected":false},"excerpt":{"rendered":"<p>O artigo original foi publicado no E! Online. Jason Sudeikis n\u00e3o tem nada a esconder sobre sua vida pessoal. O astro do filme &quot;Ted Lasso&quot; confirmou que est\u00e1 solteiro...<\/p>","protected":false},"author":1,"featured_media":8575,"comment_status":"open","ping_status":"closed","sticky":false,"template":"","format":"standard","meta":{"footnotes":""},"categories":[5],"tags":[],"class_list":["post-8574","post","type-post","status-publish","format-standard","has-post-thumbnail","hentry","category-selebriti","hvn-theme-has-thumbnail"],"_links":{"self":[{"href":"https:\/\/imgist.ru\/pt\/wp-json\/wp\/v2\/posts\/8574","targetHints":{"allow":["GET"]}}],"collection":[{"href":"https:\/\/imgist.ru\/pt\/wp-json\/wp\/v2\/posts"}],"about":[{"href":"https:\/\/imgist.ru\/pt\/wp-json\/wp\/v2\/types\/post"}],"author":[{"embeddable":true,"href":"https:\/\/imgist.ru\/pt\/wp-json\/wp\/v2\/users\/1"}],"replies":[{"embeddable":true,"href":"https:\/\/imgist.ru\/pt\/wp-json\/wp\/v2\/comments?post=8574"}],"version-history":[{"count":18,"href":"https:\/\/imgist.ru\/pt\/wp-json\/wp\/v2\/posts\/8574\/revisions"}],"predecessor-version":[{"id":152405,"href":"https:\/\/imgist.ru\/pt\/wp-json\/wp\/v2\/posts\/8574\/revisions\/152405"}],"wp:featuredmedia":[{"embeddable":true,"href":"https:\/\/imgist.ru\/pt\/wp-json\/wp\/v2\/media\/8575"}],"wp:attachment":[{"href":"https:\/\/imgist.ru\/pt\/wp-json\/wp\/v2\/media?parent=8574"}],"wp:term":[{"taxonomy":"category","embeddable":true,"href":"https:\/\/imgist.ru\/pt\/wp-json\/wp\/v2\/categories?post=8574"},{"taxonomy":"post_tag","embeddable":true,"href":"https:\/\/imgist.ru\/pt\/wp-json\/wp\/v2\/tags?post=8574"}],"curies":[{"name":"wp","href":"https:\/\/api.w.org\/{rel}","templated":true}]}}