{"id":8927,"date":"2026-06-03T08:04:31","date_gmt":"2026-06-03T05:04:31","guid":{"rendered":"http:\/\/imgist.ru\/karlos-santana-i-bekki-dzhi-protivostoyat-opaseniyam-po-povodu-raboty-immigraczionnoj-i-tamozhennoj-sluzhby-v-svoej-novoj-pesne-mi-gran-amor\/"},"modified":"2026-08-29T12:00:42","modified_gmt":"2026-08-29T09:00:42","slug":"carlos-santana-e-becky-g-abordam-as-preocupacoes-sobre-o-trabalho-do-servico-de-imigracao-e-alfandega-em-sua-nova-musica-mi-gran-amor","status":"publish","type":"post","link":"https:\/\/imgist.ru\/pt\/karlos-santana-i-bekki-dzhi-protivostoyat-opaseniyam-po-povodu-raboty-immigraczionnoj-i-tamozhennoj-sluzhby-v-svoej-novoj-pesne-mi-gran-amor\/","title":{"rendered":"Carlos Santana e Becky G abordam as preocupa\u00e7\u00f5es sobre o Servi\u00e7o de Imigra\u00e7\u00e3o e Alf\u00e2ndega (ICE) em sua nova m\u00fasica &quot;Mi Gran Amor&quot;."},"content":{"rendered":"<p>Carlos Santana e Becky G transformam uma hist\u00f3ria profundamente pessoal sobre imigra\u00e7\u00e3o em um hino de protesto em sua nova colabora\u00e7\u00e3o, &quot;Mi Gran Amor&quot;.<\/p>\n<p> Essa can\u00e7\u00e3o de rock latino-americana explora as consequ\u00eancias emocionais da deporta\u00e7\u00e3o e da separa\u00e7\u00e3o da fam\u00edlia. De acordo com <em>Outdoor<\/em> , O produtor e compositor Edgar Barrera escreveu a m\u00fasica em McAllen, Texas, depois de saber que seu amigo havia sido detido pela Imigra\u00e7\u00e3o e Alf\u00e2ndega dos Estados Unidos naquela mesma manh\u00e3.<\/p>\n<p> A m\u00fasica \u00e9 ancorada pelo trabalho de guitarra caracter\u00edstico de Santana, e o refr\u00e3o atinge o \u00e2mago da dor: &quot;Migra, meu grande amor se foi por causa da migra\u00e7\u00e3o&quot;. A letra se traduz para o ingl\u00eas como &quot;Migra, meu grande amor se foi por causa da migra\u00e7\u00e3o&quot;.<\/p>\n<p> LOJA COMPLETA: Compre suas marcas favoritas a qualquer hora, em qualquer lugar. Descubra as novidades. Compre. Colecione. Aproveite.<\/p>\n<p> Barrera disse que o objetivo era dar voz \u00e0s pessoas que passam por situa\u00e7\u00f5es semelhantes.<\/p>\n<p> \u00ab&quot;O mundo precisa de mais m\u00fasicas com significado neste momento&quot;, disse ele. &quot;\u00c9 por isso que escrevemos esta m\u00fasica... para ajudar aquelas pessoas que n\u00e3o t\u00eam voz.&quot;.<\/p>\n<p> Ele acrescentou: &quot;Nasci aqui nos Estados Unidos, ent\u00e3o talvez eu n\u00e3o consiga me identificar com isso da mesma perspectiva que algu\u00e9m que est\u00e1 realmente passando por isso. Mas pelo menos eu consigo entender e fazer parte dessa voz.&quot;.<\/p>\n<p> Becky G fez coro com essa opini\u00e3o, afirmando <em>Outdoor<\/em> &quot;Sinceramente, acho que foi principalmente um reconhecimento do meu privil\u00e9gio. Como algu\u00e9m que nasceu aqui nos Estados Unidos, nunca vou entender de verdade o que \u00e9 subir aqueles degraus.&quot;.<\/p>\n<p> A cantora mexicano-americana tamb\u00e9m afirmou que &quot;se permite ser apenas um canal para aquelas vozes que n\u00e3o podem se manifestar neste momento&quot;.<\/p>\n<p> \u00ab&quot;Como sempre, quero que minha guitarra, minhas melodias, soem e transmitam a sensa\u00e7\u00e3o de um abra\u00e7o universal&quot;, disse Santana em entrevista. <em>Outdoor em espanhol<\/em> . &quot;Agora, mais do que nunca, precisamos de uni\u00e3o, harmonia e solidariedade neste planeta. Isso \u00e9 o que significa um abra\u00e7o universal.&quot;.<\/p>\n<p> Falando antes de um show em Detroit, Santana descreveu sua contribui\u00e7\u00e3o como &quot;um abra\u00e7o de todos&quot;.<\/p>\n<p> \u00ab&quot;Como sempre, quero que minha guitarra, minhas melodias, soem e transmitam a sensa\u00e7\u00e3o de um abra\u00e7o universal&quot;, disse Santana. &quot;Agora, mais do que nunca, precisamos de uni\u00e3o, harmonia e solidariedade neste planeta. Isso \u00e9 o que significa um abra\u00e7o universal.&quot;.<\/p>\n<p> \u00ab&quot;Mi Gran Amor&quot; \u00e9 o terceiro single de Santana, lan\u00e7ado antes de seu pr\u00f3ximo \u00e1lbum, ap\u00f3s colabora\u00e7\u00f5es com Grupo Frontera e Karin Leon. Ele se junta a um n\u00famero crescente de m\u00fasicos latino-americanos que se manifestam publicamente contra leis de imigra\u00e7\u00e3o mais rigorosas.<\/p>\n<h3> Not\u00edcias relacionadas <\/h3>\n<p> O rapper Frankie Jax &quot;No Mad&quot; foi detido pelo Servi\u00e7o de Imigra\u00e7\u00e3o e Alf\u00e2ndega dos Estados Unidos (ICE). Carol G disse que foi avisada para n\u00e3o se manifestar contra o ICE: &quot;Estou preparada para falar&quot;. Romeo Santos reiterou seu apoio aos imigrantes: &quot;Algumas pessoas simplesmente n\u00e3o receberam o aviso&quot;.<\/p>\n<h2> Not\u00edcias relacionadas<\/h2>\n<p> Drake estabeleceu um recorde nas paradas do Reino Unido ao se tornar o primeiro artista a ter tr\u00eas \u00e1lbuns estreando no top 10.<\/p>\n<p> Em seu novo videoclipe, &quot;White Flag&quot;, Vince Staples atira com um fuzil de assalto contra uma bandeira americana.<\/p>\n<p> LOJA COMPLETA: Compre suas marcas favoritas a qualquer hora, em qualquer lugar. Descubra as novidades. Compre. Colecione. Aproveite.<\/p>\n<p> Damos vida \u00e0 cultura. Aqui voc\u00ea encontra as \u00faltimas not\u00edcias do mundo do entretenimento, al\u00e9m do melhor conte\u00fado sobre m\u00fasica, cultura pop, t\u00eanis, estilo e s\u00e9ries originais.<\/p>","protected":false},"excerpt":{"rendered":"<p>Carlos Santana e Becky G transformam uma hist\u00f3ria profundamente pessoal de imigra\u00e7\u00e3o em um hino de protesto em sua nova colabora\u00e7\u00e3o, &quot;Mi Gran Amor&quot;. Esta composi\u00e7\u00e3o de rock latino \u00e9 dedicada\u2026<\/p>","protected":false},"author":1,"featured_media":8928,"comment_status":"open","ping_status":"closed","sticky":false,"template":"","format":"standard","meta":{"footnotes":""},"categories":[7],"tags":[],"class_list":["post-8927","post","type-post","status-publish","format-standard","has-post-thumbnail","hentry","category-muzyka","hvn-theme-has-thumbnail"],"_links":{"self":[{"href":"https:\/\/imgist.ru\/pt\/wp-json\/wp\/v2\/posts\/8927","targetHints":{"allow":["GET"]}}],"collection":[{"href":"https:\/\/imgist.ru\/pt\/wp-json\/wp\/v2\/posts"}],"about":[{"href":"https:\/\/imgist.ru\/pt\/wp-json\/wp\/v2\/types\/post"}],"author":[{"embeddable":true,"href":"https:\/\/imgist.ru\/pt\/wp-json\/wp\/v2\/users\/1"}],"replies":[{"embeddable":true,"href":"https:\/\/imgist.ru\/pt\/wp-json\/wp\/v2\/comments?post=8927"}],"version-history":[{"count":3,"href":"https:\/\/imgist.ru\/pt\/wp-json\/wp\/v2\/posts\/8927\/revisions"}],"predecessor-version":[{"id":152722,"href":"https:\/\/imgist.ru\/pt\/wp-json\/wp\/v2\/posts\/8927\/revisions\/152722"}],"wp:featuredmedia":[{"embeddable":true,"href":"https:\/\/imgist.ru\/pt\/wp-json\/wp\/v2\/media\/8928"}],"wp:attachment":[{"href":"https:\/\/imgist.ru\/pt\/wp-json\/wp\/v2\/media?parent=8927"}],"wp:term":[{"taxonomy":"category","embeddable":true,"href":"https:\/\/imgist.ru\/pt\/wp-json\/wp\/v2\/categories?post=8927"},{"taxonomy":"post_tag","embeddable":true,"href":"https:\/\/imgist.ru\/pt\/wp-json\/wp\/v2\/tags?post=8927"}],"curies":[{"name":"wp","href":"https:\/\/api.w.org\/{rel}","templated":true}]}}