{"id":8949,"date":"2026-06-03T08:13:26","date_gmt":"2026-06-03T05:13:26","guid":{"rendered":"http:\/\/imgist.ru\/korrespondent-cbs-skott-pelli-byl-uvolen-posle-togo-kak-obvinil-bari-vajs-v-ubijstve-programmy-60-minut\/"},"modified":"2026-06-03T08:13:26","modified_gmt":"2026-06-03T05:13:26","slug":"o-correspondente-da-cbs-scott-pelli-foi-demitido-apos-acusar-barry-vajs-de-ter-acabado-com-o-programa-60-minutes","status":"publish","type":"post","link":"https:\/\/imgist.ru\/pt\/korrespondent-cbs-skott-pelli-byl-uvolen-posle-togo-kak-obvinil-bari-vajs-v-ubijstve-programmy-60-minut\/","title":{"rendered":"O correspondente da CBS, Scott Pelley, foi demitido ap\u00f3s acusar Bari Weiss de &quot;matar&quot; o programa &quot;60 Minutes&quot;."},"content":{"rendered":"<p>O premiado apresentador Scott Pelley passou mais de tr\u00eas d\u00e9cadas na CBS News, cobrindo zonas de guerra, presidentes, apresentando o notici\u00e1rio noturno da emissora e se tornando um dos rostos ic\u00f4nicos do programa. <em>\u00ab&quot;60 minutos&quot;.<\/em> Sua carreira na CBS acabou por terminar devido ao conflito envolvendo Bari Weiss e sua \u00faltima designa\u00e7\u00e3o para o cargo.<\/p>\n<p> A CBS News demitiu Pelley na ter\u00e7a-feira depois que o correspondente veterano acusou publicamente o editor-chefe da emissora de &quot;matar&quot; o programa.\u00ab <em><em>60 minutos<\/em><\/em> \u00bb&quot;e questionaram as qualifica\u00e7\u00f5es do rec\u00e9m-nomeado produtor executivo Nick Bilton, conforme relatado em artigos publicados inicialmente em <em><em>O Novo Tempo<\/em><\/em> e confirmado por diversos ve\u00edculos de comunica\u00e7\u00e3o.<\/p>\n<p> A demiss\u00e3o representa a escalada mais dram\u00e1tica na crise que assola o programa de not\u00edcias televisivo outrora mais influente do pa\u00eds desde a sa\u00edda de Weiss, o ex-editor de opini\u00e3o. <em><em>no New York Times<\/em><\/em> e fundador <em><em>A Imprensa Livre<\/em><\/em> , assumiu o controle editorial da CBS News no ano passado.<\/p>\n<p> <strong>Veja tamb\u00e9m:<\/strong> Rachel Maddow fala sobre como confrontar as mentiras do governo e sobre o Pr\u00eamio Walter Cronkite que recebeu.<\/p>\n<p> Durante meses, jornalistas dentro e fora da CBS v\u00eam alertando que a reestrutura\u00e7\u00e3o da emissora promovida por Weiss amea\u00e7a a independ\u00eancia editorial que tornou o programa um sucesso. <em><em>\u00ab60 minutos\u00bb<\/em><\/em> uma das marcas mais respeitadas do jornalismo americano. Na semana passada, essas preocupa\u00e7\u00f5es culminaram em uma rebeli\u00e3o aberta ap\u00f3s a sa\u00edda da produtora executiva Tanya Simon e das correspondentes Sharyn Alfonsi e Cecilia Vega.<\/p>\n<p> Pelley tornou-se a voz mais proeminente da rebeli\u00e3o.<\/p>\n<p> Durante sua primeira reuni\u00e3o com a equipe de Bilton, Pelley teria acusado Weiss de encerrar o programa deliberadamente.<\/p>\n<p> \u00ab&quot;Ela est\u00e1 arruinando o &#039;60 Minutes&#039;&quot;, disse Pelley, de acordo com v\u00e1rios relatos da reuni\u00e3o. Ele tamb\u00e9m teria dito a colegas que Weiss &quot;n\u00e3o gostava deste lugar&quot; e que ela havia sido contratada &quot;para destru\u00ed-lo&quot;.<\/p>\n<p> Segundo relatos, seus coment\u00e1rios foram recebidos com aplausos estrondosos pelos funcion\u00e1rios. Vinte e quatro horas depois, ele renunciou.<\/p>\n<p> Em dezembro passado, na cerim\u00f4nia de entrega dos Pr\u00eamios Walter Cronkite em Washington, D.C., Pelley, que recebeu o pr\u00eamio de excel\u00eancia em reportagem pol\u00edtica, disse aos presentes que o programa havia mantido sua independ\u00eancia.<\/p>\n<p> \u00ab&quot;Na \u00faltima temporada, todas as nossas hist\u00f3rias foram ao ar&quot;, disse ele na ocasi\u00e3o. &quot;Conseguimos exibi-las com o m\u00ednimo de interrup\u00e7\u00e3o.&quot;.<\/p>\n<p> Agora a situa\u00e7\u00e3o mudou.<\/p>\n<p> Documentos obtidos pelo correspondente da Zeteo, Justin Baragona, mostram que Bilton acusou Pelley de &quot;uma demonstra\u00e7\u00e3o ostensiva de hostilidade&quot;, desacreditando publicamente sua equipe de gest\u00e3o e recusando repetidas tentativas de reconcilia\u00e7\u00e3o. Em sua carta de demiss\u00e3o, Bilton escreveu que as a\u00e7\u00f5es de Pelley demonstraram &quot;falta de interesse em contribuir para o sucesso futuro do programa&quot;.<\/p>\n<p> \u00ab&quot;Seu descontentamento com o futuro do programa \u00e9 evidente&quot;, escreveu Bilton antes de informar Pelley que seu contrato de trabalho estava sendo rescindido &quot;por justa causa, com efeito imediato&quot;.<\/p>\n<p> No entanto, Pelley sugeriu que os riscos eram muito maiores.<\/p>\n<p> Nos coment\u00e1rios para <em><em>O Novo Tempo<\/em><\/em> Ele descreveu o conflito como parte de uma luta mais ampla sobre o futuro do programa e a cultura jornal\u00edstica que o definiu por quase seis d\u00e9cadas. Suas cr\u00edticas vieram ap\u00f3s o que funcion\u00e1rios teriam apelidado de &quot;Sexta-Feira Negra&quot; \u2014 a demiss\u00e3o repentina de figuras importantes intimamente ligadas \u00e0 estrutura de lideran\u00e7a tradicional do programa.<\/p>\n<p> Conforme relatado anteriormente <em><em>O Advogado<\/em><\/em> , Weiss, que \u00e9 membro da comunidade LGBT, chegou \u00e0 CBS com a promessa de modernizar o departamento de not\u00edcias e expandir o formato dos programas. <em><em>\u00ab60 minutos\u00bb<\/em><\/em> Para al\u00e9m da programa\u00e7\u00e3o tradicional de domingo \u00e0 noite, os apoiadores descrevem-na como uma iniciativa reformadora e inovadora, disposta a desafiar a complac\u00eancia institucional. Os cr\u00edticos, por outro lado, veem-na como um projeto pol\u00edtico e cultural que est\u00e1 transformando uma das organiza\u00e7\u00f5es de not\u00edcias mais respeitadas da televis\u00e3o em uma entidade ideologicamente orientada.<\/p>\n<p> Essas preocupa\u00e7\u00f5es se intensificaram depois que Alfonsi afirmou acreditar que estava sendo punida por resistir \u00e0 press\u00e3o relacionada \u00e0s suas reportagens sobre deporta\u00e7\u00f5es para uma pris\u00e3o salvadorenha. Vega, ao anunciar sua sa\u00edda, alertou sobre tentativas de sufocar o jornalismo e descreveu uma cultura cada vez mais em desacordo com a miss\u00e3o que a atraiu para a CBS News.<\/p>\n<p> Este artigo foi publicado originalmente no Advocate: Correspondente da CBS, Scott Pelley, \u00e9 demitido ap\u00f3s acusar Bari Weiss de &#039;matar&#039; o programa &#039;60 Minutes&#039;.<\/p>\n<h3> CONECTADO<\/h3>\n<ul>\n<li>\n<p> Rachel Maddow recebeu o Pr\u00eamio Walter Cronkite de 2025 pela excel\u00eancia em reportagem pol\u00edtica.<\/p>\n<\/li>\n<li>\n<p> Rachel Maddow fala sobre como confrontar as mentiras do governo e sobre o Pr\u00eamio Walter Cronkite que recebeu.<\/p>\n<\/li>\n<\/ul>","protected":false},"excerpt":{"rendered":"<p>O premiado apresentador Scott Pelley passou mais de tr\u00eas d\u00e9cadas na CBS News, cobrindo zonas de guerra, presidentes e notici\u00e1rios noturnos.<\/p>","protected":false},"author":1,"featured_media":8950,"comment_status":"open","ping_status":"closed","sticky":false,"template":"","format":"standard","meta":{"footnotes":""},"categories":[6],"tags":[],"class_list":["post-8949","post","type-post","status-publish","format-standard","has-post-thumbnail","hentry","category-kinoindustriya","hvn-theme-has-thumbnail"],"_links":{"self":[{"href":"https:\/\/imgist.ru\/pt\/wp-json\/wp\/v2\/posts\/8949","targetHints":{"allow":["GET"]}}],"collection":[{"href":"https:\/\/imgist.ru\/pt\/wp-json\/wp\/v2\/posts"}],"about":[{"href":"https:\/\/imgist.ru\/pt\/wp-json\/wp\/v2\/types\/post"}],"author":[{"embeddable":true,"href":"https:\/\/imgist.ru\/pt\/wp-json\/wp\/v2\/users\/1"}],"replies":[{"embeddable":true,"href":"https:\/\/imgist.ru\/pt\/wp-json\/wp\/v2\/comments?post=8949"}],"version-history":[{"count":0,"href":"https:\/\/imgist.ru\/pt\/wp-json\/wp\/v2\/posts\/8949\/revisions"}],"wp:featuredmedia":[{"embeddable":true,"href":"https:\/\/imgist.ru\/pt\/wp-json\/wp\/v2\/media\/8950"}],"wp:attachment":[{"href":"https:\/\/imgist.ru\/pt\/wp-json\/wp\/v2\/media?parent=8949"}],"wp:term":[{"taxonomy":"category","embeddable":true,"href":"https:\/\/imgist.ru\/pt\/wp-json\/wp\/v2\/categories?post=8949"},{"taxonomy":"post_tag","embeddable":true,"href":"https:\/\/imgist.ru\/pt\/wp-json\/wp\/v2\/tags?post=8949"}],"curies":[{"name":"wp","href":"https:\/\/api.w.org\/{rel}","templated":true}]}}