{"id":9003,"date":"2026-06-03T09:19:08","date_gmt":"2026-06-03T06:19:08","guid":{"rendered":"https:\/\/imgist.ru\/yubka-alaia-emili-blant-shokiruyushhe-vysoko-podnimaetsya-po-bokam-poverh-bodi\/"},"modified":"2026-08-29T12:00:52","modified_gmt":"2026-08-29T09:00:52","slug":"%d1%8b%d1%83%d0%b1%d0%ba%d0%b0-%d0%b0%d0%bb%d0%b0%d0%b8%d1%8f-%d1%8d%d0%bc%d0%b8%d0%bb%d0%b8-%d0%b1%d0%bb%d0%b0%d0%bd%d1%82-%d1%88%d0%be%d0%ba%d0%b8%d1%80%d1%83%d0%b9%d1%83%d1%88%d0%b5-%d0%b2%d1%8b","status":"publish","type":"post","link":"https:\/\/imgist.ru\/pt\/yubka-alaia-emili-blant-shokiruyushhe-vysoko-podnimaetsya-po-bokam-poverh-bodi\/","title":{"rendered":"A saia Ala\u00efa de Emily Blunt sobe surpreendentemente nas laterais, por cima de um body."},"content":{"rendered":"<p><strong>Emily Blunt<\/strong> Ela causou sensa\u00e7\u00e3o na estreia parisiense do filme &quot;Disclosure Day&quot; com uma escolha de moda ousada. Ela optou por um look marcante da <strong>Maison Ala\u00efa<\/strong> , Combinando eleg\u00e2ncia cl\u00e1ssica com um toque futurista, o look foi criado sob medida e inspirado na cole\u00e7\u00e3o Outono\/Inverno 2026 da marca. Concebido pela estilista Jessica Paster, este visual inesquec\u00edvel exibiu uma silhueta completamente \u00fanica que se tornou um dos assuntos mais comentados no tapete vermelho.<\/p>\n<h2> Emily Blunt combinou um body com uma saia Ala\u00efa de cintura incrivelmente curta nas laterais para seu ensaio fotogr\u00e1fico &quot;Reveal Day&quot;. <\/h2>\n<p> Foto: Mark Piasecki\/WireImage via Getty<\/p>\n<p> Emily Blunt ousou ao usar duas pe\u00e7as diferentes em vez de um vestido tradicional. A parte de cima do look era um elegante body de al\u00e7as cruzadas no pesco\u00e7o, de um branco puro e vibrante. O body caiu perfeitamente nela, criando um visual minimalista e elegante. O contraste com a parte de baixo do look era bel\u00edssimo.<\/p>\n<p> Para a parte de baixo, Blunt escolheu uma saia de camadas volumosa e marcante em um tom branco cremoso quente. Como as duas pe\u00e7as tinham tonalidades completamente diferentes, elas se destacavam claramente como um conjunto de body e saia distintos. A saia apresentava um peplum marcante na cintura, adicionando um toque divertido e estruturado ao look.<\/p>\n<p> O detalhe mais chocante da saia Ala\u00efa era seu corte extremamente assim\u00e9trico. Ela ca\u00eda at\u00e9 o ch\u00e3o em pregas dram\u00e1ticas na frente. No entanto, as laterais eram incrivelmente curtas. Esse design extremo expunha completamente a perna at\u00e9 a coxa, criando uma fenda alt\u00edssima que adicionou instantaneamente drama ao look do tapete vermelho.<\/p>\n<p> Blunt equilibrou o conjunto vanguardista com acess\u00f3rios minimalistas. Ela usou elegantes sand\u00e1lias brancas de salto alto com tira no tornozelo da cole\u00e7\u00e3o Outono\/Inverno 2026 da Ala\u00efa. Seu cabelo, preso em um coque baixo e elegante com risca ao meio, completou o visual. A maquiagem de Blunt era fresca e neutra. Esse estilo sofisticado permitiu que o foco se concentrasse nas linhas arquitet\u00f4nicas de sua roupa singular.<\/p>\n<p> O artigo &quot;A saia Ala\u00efa de Emily Blunt sobe surpreendentemente alto nas laterais sobre um body&quot; foi publicado originalmente no theFashionSpot.<\/p>","protected":false},"excerpt":{"rendered":"<p>Emily Blunt causou sensa\u00e7\u00e3o na estreia parisiense de &quot;Disclosure Day&quot; com uma escolha de moda ousada. Ela optou por um deslumbrante vestido Maison Ala\u00efa que combinava eleg\u00e2ncia cl\u00e1ssica\u2026<\/p>","protected":false},"author":1,"featured_media":9004,"comment_status":"open","ping_status":"closed","sticky":false,"template":"","format":"standard","meta":{"footnotes":""},"categories":[5],"tags":[],"class_list":["post-9003","post","type-post","status-publish","format-standard","has-post-thumbnail","hentry","category-selebriti","hvn-theme-has-thumbnail"],"_links":{"self":[{"href":"https:\/\/imgist.ru\/pt\/wp-json\/wp\/v2\/posts\/9003","targetHints":{"allow":["GET"]}}],"collection":[{"href":"https:\/\/imgist.ru\/pt\/wp-json\/wp\/v2\/posts"}],"about":[{"href":"https:\/\/imgist.ru\/pt\/wp-json\/wp\/v2\/types\/post"}],"author":[{"embeddable":true,"href":"https:\/\/imgist.ru\/pt\/wp-json\/wp\/v2\/users\/1"}],"replies":[{"embeddable":true,"href":"https:\/\/imgist.ru\/pt\/wp-json\/wp\/v2\/comments?post=9003"}],"version-history":[{"count":1,"href":"https:\/\/imgist.ru\/pt\/wp-json\/wp\/v2\/posts\/9003\/revisions"}],"predecessor-version":[{"id":152767,"href":"https:\/\/imgist.ru\/pt\/wp-json\/wp\/v2\/posts\/9003\/revisions\/152767"}],"wp:featuredmedia":[{"embeddable":true,"href":"https:\/\/imgist.ru\/pt\/wp-json\/wp\/v2\/media\/9004"}],"wp:attachment":[{"href":"https:\/\/imgist.ru\/pt\/wp-json\/wp\/v2\/media?parent=9003"}],"wp:term":[{"taxonomy":"category","embeddable":true,"href":"https:\/\/imgist.ru\/pt\/wp-json\/wp\/v2\/categories?post=9003"},{"taxonomy":"post_tag","embeddable":true,"href":"https:\/\/imgist.ru\/pt\/wp-json\/wp\/v2\/tags?post=9003"}],"curies":[{"name":"wp","href":"https:\/\/api.w.org\/{rel}","templated":true}]}}