{"id":9183,"date":"2026-06-03T13:18:29","date_gmt":"2026-06-03T10:18:29","guid":{"rendered":"https:\/\/imgist.ru\/preduprezhdenie-ikony-kino-richarda-gira-o-manyake-trampe-prinimaet-mrachnyj-istoricheskij-oborot\/"},"modified":"2026-08-29T12:01:08","modified_gmt":"2026-08-29T09:01:08","slug":"o-alerta-do-icone-do-cinema-richard-gere-sobre-o-vagabundo-de-man-ake-toma-um-rumo-historico-sombrio","status":"publish","type":"post","link":"https:\/\/imgist.ru\/pt\/preduprezhdenie-ikony-kino-richarda-gira-o-manyake-trampe-prinimaet-mrachnyj-istoricheskij-oborot\/","title":{"rendered":"O alerta do \u00edcone do cinema Richard Gere sobre o &quot;man\u00edaco&quot; Trump toma um rumo hist\u00f3rico sombrio."},"content":{"rendered":"<p>O ator e ativista de direitos humanos de longa data, Richard Gere, fez uma dura condena\u00e7\u00e3o a Donald Trump na ter\u00e7a-feira, no F\u00f3rum da Liberdade em Oslo, Noruega, onde participou da entrega do Pr\u00eamio Internacional V\u00e1clav Havel para a Dissid\u00eancia Criativa.<\/p>\n<p> \u00ab&quot;Estamos vivendo o per\u00edodo mais sombrio que j\u00e1 vivi neste planeta&quot;, disse a estrela de &quot;Uma Linda Mulher&quot;, que tem sido uma cr\u00edtica frequente de Trump.<\/p>\n<p> <strong>Rumores: Diretor chama ator famoso de &quot;a pior pessoa que j\u00e1 conheci&quot;.<\/strong><\/p>\n<p> \u00ab&quot;Quem diria que a Am\u00e9rica mudaria tanto? Quem diria que um man\u00edaco como esse se tornaria presidente dos Estados Unidos?&quot;, acrescentou.<\/p>\n<p> <strong>Veja o coment\u00e1rio completo de Gere no YouTube.<\/strong><\/p>\n<p> Gere culpou Trump pela r\u00e1pida destrui\u00e7\u00e3o do pa\u00eds desde seu retorno \u00e0 Casa Branca e atribuiu parte da culpa aos cidad\u00e3os comuns que &quot;adormeceram&quot;, &quot;n\u00e3o se importaram&quot;, &quot;n\u00e3o votaram&quot; e &quot;basicamente n\u00e3o deram ouvidos&quot;.<\/p>\n<p> <em>Gostou deste artigo? Apoie o jornalismo independente. Apoie o HuffPost.<\/em> <\/p>\n<p> O ator e ativista de direitos humanos de longa data Richard Gere emitiu uma forte condena\u00e7\u00e3o a Donald Trump. Medios y Media via Getty Images<\/p>\n<p> Embora tenha enfatizado que n\u00e3o votou em Trump, Gere disse que tem alguma responsabilidade pelo retorno do presidente ao poder.<\/p>\n<p> \u00ab&quot;N\u00e3o fiz o suficiente para convencer habilmente as pessoas ao meu redor, pr\u00f3ximas ou n\u00e3o, de que eleger este homem como presidente dos Estados Unidos \u00e9 uma loucura&quot;, disse ele.<\/p>\n<p> <strong>Buzz: &#039;N\u00e3o \u00e9 um bom sinal&#039;: Seth Meyers destaca um ponto crucial sobre a capacidade mental de Trump.<\/strong><\/p>\n<p> Em seguida, o ator fez uma compara\u00e7\u00e3o hist\u00f3rica pertinente, relembrando uma visita recente ao antigo campo de concentra\u00e7\u00e3o nazista de Dachau, na Alemanha.<\/p>\n<p> Ali, disse ele, viu exposi\u00e7\u00f5es que documentavam &quot;a transforma\u00e7\u00e3o da sociedade e do governo alem\u00e3es&quot; na d\u00e9cada de 1930 e &quot;a rapidez com que isso aconteceu&quot;.<\/p>\n<p> \u00ab&quot;Pessoas boas se transformaram em monstros&quot;, disse Gere.<\/p>\n<p> \u00ab&quot;E eu tenho visto esse processo nos Estados Unidos&quot;, acrescentou, antes de instar as pessoas a &quot;ficarem vigilantes&quot; contra a ascens\u00e3o mete\u00f3rica de uma &quot;ditadura monstruosa&quot;.<\/p>\n<p> <strong>Boato: Chris Robinson, vocalista do Black Crowes, se envolve em confus\u00e3o com f\u00e3s que gritavam &quot;USA!&quot;.<\/strong><\/p>\n<p> \u00ab&quot;N\u00e3o podemos ficar de bra\u00e7os cruzados e dizer: &#039;Ah, a vida \u00e9 \u00f3tima. Estou bem. Tenho comida. Tenho dinheiro. Bl\u00e1-bl\u00e1-bl\u00e1. Tenho uma casa. Tenho outro carro. Penso nisso. Estou bem. Sei que ele \u00e9 uma pessoa ruim, mas estou bem&#039;&quot;, disse ele.<\/p>\n<p> \u00ab&quot;Mas isso \u00e9 inaceit\u00e1vel. Isso \u00e9 inaceit\u00e1vel. Isso nunca \u00e9 aceit\u00e1vel&quot;, acrescentou Gere.<\/p>\n<h3> Conectado\u2026<\/h3>\n<ul>\n<li>\n<p> James Carville percebeu algo extremamente estranho na nova mensagem de Trump.<\/p>\n<\/li>\n<li>\n<p> A Casa Branca desferiu mais um insulto a Trump e, de alguma forma, conseguiu piorar a situa\u00e7\u00e3o.<\/p>\n<\/li>\n<li>\n<p> A Casa Branca est\u00e1 tentando explicar a s\u00e9rie sem precedentes de postagens verdadeiras de Trump nas redes sociais.<\/p>\n<\/li>\n<\/ul>\n<p> <strong>Leia o artigo original no HuffPost.<\/strong><\/p>","protected":false},"excerpt":{"rendered":"<p>O ator e ativista de direitos humanos de longa data, Richard Gere, fez uma dura condena\u00e7\u00e3o a Donald Trump na ter\u00e7a-feira, no F\u00f3rum da Liberdade em Oslo, Noruega, onde participou\u2026<\/p>","protected":false},"author":1,"featured_media":9184,"comment_status":"open","ping_status":"closed","sticky":false,"template":"","format":"standard","meta":{"footnotes":""},"categories":[5],"tags":[],"class_list":["post-9183","post","type-post","status-publish","format-standard","has-post-thumbnail","hentry","category-selebriti","hvn-theme-has-thumbnail"],"_links":{"self":[{"href":"https:\/\/imgist.ru\/pt\/wp-json\/wp\/v2\/posts\/9183","targetHints":{"allow":["GET"]}}],"collection":[{"href":"https:\/\/imgist.ru\/pt\/wp-json\/wp\/v2\/posts"}],"about":[{"href":"https:\/\/imgist.ru\/pt\/wp-json\/wp\/v2\/types\/post"}],"author":[{"embeddable":true,"href":"https:\/\/imgist.ru\/pt\/wp-json\/wp\/v2\/users\/1"}],"replies":[{"embeddable":true,"href":"https:\/\/imgist.ru\/pt\/wp-json\/wp\/v2\/comments?post=9183"}],"version-history":[{"count":1,"href":"https:\/\/imgist.ru\/pt\/wp-json\/wp\/v2\/posts\/9183\/revisions"}],"predecessor-version":[{"id":152867,"href":"https:\/\/imgist.ru\/pt\/wp-json\/wp\/v2\/posts\/9183\/revisions\/152867"}],"wp:featuredmedia":[{"embeddable":true,"href":"https:\/\/imgist.ru\/pt\/wp-json\/wp\/v2\/media\/9184"}],"wp:attachment":[{"href":"https:\/\/imgist.ru\/pt\/wp-json\/wp\/v2\/media?parent=9183"}],"wp:term":[{"taxonomy":"category","embeddable":true,"href":"https:\/\/imgist.ru\/pt\/wp-json\/wp\/v2\/categories?post=9183"},{"taxonomy":"post_tag","embeddable":true,"href":"https:\/\/imgist.ru\/pt\/wp-json\/wp\/v2\/tags?post=9183"}],"curies":[{"name":"wp","href":"https:\/\/api.w.org\/{rel}","templated":true}]}}