{"id":93747,"date":"2025-01-01T03:07:01","date_gmt":"2025-01-01T01:07:01","guid":{"rendered":"http:\/\/aleksawn.bget.ru\/?p=93747"},"modified":"2025-01-01T03:07:01","modified_gmt":"2025-01-01T01:07:01","slug":"as-26-mulheres-mais-bonitas-do-mundo-em-2025","status":"publish","type":"post","link":"https:\/\/imgist.ru\/pt\/top-26-samyh-krasivyh-devushek-mira-2025-goda\/","title":{"rendered":"As mulheres mais bonitas do mundo em 2025-2026: quem realmente influencia a moda, o cinema e a m\u00fasica."},"content":{"rendered":"<p>Em 2026, o cen\u00e1rio cultural ser\u00e1 moldado n\u00e3o apenas por rostos bonitos, mas por mulheres jovens cujos talentos, projetos e posicionamentos p\u00fablicos influenciam as tend\u00eancias globais. Em vez de rankings subjetivos de &quot;beleza&quot;, compilamos uma lista daquelas que realmente influenciam a m\u00fasica, o cinema, a moda e o discurso p\u00fablico \u2014 de Hollywood ao K-pop e ao cinema de autor europeu.<\/p>\n<h2>B\u00e1rbara Palvin<\/h2>\n<figure><img loading=\"lazy\" decoding=\"async\" class=\"aligncenter size-full wp-image-127911\" src=\"https:\/\/imgist.ru\/wp-content\/uploads\/2025\/01\/top-26-samyh-krasivyh-devushek-mira-26.jpeg\" alt=\"A modelo h\u00fangara Barbara Palvin\" width=\"662\" height=\"360\" \/><\/figure>\n<ul>\n<li>Data de nascimento: 8 de outubro de 1993.<\/li>\n<li>Local de nascimento: Budapeste, Hungria<\/li>\n<li>Altura: 1,75 m<\/li>\n<li>Profiss\u00e3o: Modelo<\/li>\n<\/ul>\n<p>Barbara Palvin continua sendo uma das figuras mais reconhecidas da moda global. Em 2023, a Victoria&#039;s Secret retomou as colabora\u00e7\u00f5es com modelos que n\u00e3o se encaixam no padr\u00e3o tradicional da ind\u00fastria, e Palvin se tornou o rosto da nova estrat\u00e9gia da marca \u2014 evitando declara\u00e7\u00f5es grandiosas sobre modelos plus size, mas enfatizando a diversidade. Em 2025, ela expandiu sua presen\u00e7a, de campanhas para a L&#039;Or\u00e9al a colabora\u00e7\u00f5es com estilistas europeus, mantendo uma postura ativa em rela\u00e7\u00e3o \u00e0 moda sustent\u00e1vel e aos direitos das modelos.<\/p>\n<h2>Bae Suzy<\/h2>\n<figure><img loading=\"lazy\" decoding=\"async\" class=\"aligncenter\" src=\"https:\/\/imgist.ru\/wp-content\/uploads\/2025\/02\/top-26-samyh-krasivyh-devushek-mira-2025-goda_67a949599923f.jpeg\" alt=\"A atriz e cantora sul-coreana Bae Suzy na estreia da s\u00e9rie de 2025.\" width=\"662\" height=\"378\" \/><\/figure>\n<ul>\n<li>Data de nascimento: 10 de outubro de 1994.<\/li>\n<li>Local de nascimento: Munheung-dong, Gwangju, Coreia do Sul<\/li>\n<li>Altura: 1,68 m<\/li>\n<li>Profiss\u00e3o: Cantora, atriz, modelo<\/li>\n<\/ul>\n<p>Bae Suzy continua a consolidar seu status como uma das atrizes mais respeitadas da Coreia do Sul. Ap\u00f3s o sucesso da s\u00e9rie &quot;Agent&quot; (2024) e sua participa\u00e7\u00e3o no projeto internacional &quot;The Silent Sea: Season 2&quot;, ela foi convidada para importantes festivais na \u00c1sia e na Europa. Al\u00e9m de sua carreira de atriz, ela permanece como o rosto de marcas de cosm\u00e9ticos sul-coreanas e est\u00e1 envolvida em iniciativas educacionais para meninas em \u00e1reas rurais do pa\u00eds.<\/p>\n<h2>Kendall Jenner<\/h2>\n<figure><img loading=\"lazy\" decoding=\"async\" src=\"https:\/\/imgist.ru\/wp-content\/uploads\/2025\/02\/top-26-samyh-krasivyh-devushek-mira-2025-goda_67a9485c60c25.jpeg\" alt=\"Kendall Jenner na Semana de Moda de Paris Outono 2025\" width=\"662\" height=\"501\" \/><\/figure>\n<ul>\n<li>Data de nascimento: 3 de novembro de 1995.<\/li>\n<li>Local de nascimento: Los Angeles, EUA<\/li>\n<li>Altura: 1,79 m<\/li>\n<li>Profiss\u00e3o: Modelo<\/li>\n<\/ul>\n<p>Kendall Jenner fez uma transi\u00e7\u00e3o bem-sucedida de estrela de TV para modelo de alta costura consagrada. Em 2025, ela j\u00e1 colaborava com marcas como Chanel e Givenchy, e havia lan\u00e7ado sua pr\u00f3pria linha de vinhos org\u00e2nicos, que ganhou reconhecimento no setor de restaurantes da Calif\u00f3rnia. Sua abordagem aos neg\u00f3cios \u00e9 not\u00e1vel pelo compromisso em minimizar seu impacto ambiental, desde as embalagens at\u00e9 a log\u00edstica.<\/p>\n<h2>Dove Cameron<\/h2>\n<figure><img loading=\"lazy\" decoding=\"async\" src=\"https:\/\/imgist.ru\/wp-content\/uploads\/2025\/02\/top-26-samyh-krasivyh-devushek-mira-2025-goda_67a94a3072055.jpeg\" alt=\"A atriz e cantora americana Dove Cameron no set de uma nova s\u00e9rie.\" width=\"662\" height=\"378\" \/><\/figure>\n<ul>\n<li>Data de nascimento: 15 de janeiro de 1996.<\/li>\n<li>Local de nascimento: Ilha Bainbridge, Washington, EUA<\/li>\n<li>Altura: 1,57 m<\/li>\n<li>Profiss\u00e3o: Atriz, cantora<\/li>\n<\/ul>\n<p>Ap\u00f3s sua estreia na Disney, Dove Cameron passou por uma complexa transforma\u00e7\u00e3o: de pap\u00e9is adolescentes a trabalhos dram\u00e1ticos s\u00e9rios. Em 2025, ela estrelou a s\u00e9rie &quot;The Line&quot;, um drama psicoemocional sobre os limites do eu e da identidade digital. Seu \u00e1lbum solo, lan\u00e7ado em 2024, recebeu cr\u00edticas positivas por sua profundidade l\u00edrica e por rejeitar clich\u00eas do pop.<\/p>\n<h2>Ella Balinska<\/h2>\n<figure><img loading=\"lazy\" decoding=\"async\" src=\"https:\/\/imgist.ru\/wp-content\/uploads\/2025\/02\/top-26-samyh-krasivyh-devushek-mira-2025-goda_67a9485da55da.jpeg\" alt=\"A atriz brit\u00e2nica Ella Balinska no set de filmagem do filme de a\u00e7\u00e3o de 2025.\" width=\"662\" height=\"378\" \/><\/figure>\n<ul>\n<li>Data de nascimento: 4 de outubro de 1996.<\/li>\n<li>Local de nascimento: Londres, Reino Unido<\/li>\n<li>Altura: 1,8 m<\/li>\n<li>Profiss\u00e3o: Atriz<\/li>\n<\/ul>\n<p>Ella Balinska \u00e9 um raro exemplo de atriz que combina treinamento de combate com drama intelectual. Ap\u00f3s o sucesso em As Panteras e Corra, Corra, Corra, ela conseguiu o papel principal na s\u00e9rie brit\u00e2nico-americana The Watcher, interpretando uma detetive com forma\u00e7\u00e3o militar. Ela tamb\u00e9m colabora com a Cartier, enfatizando a origem \u00e9tica dos materiais em suas joias.<\/p>\n<h2>Catarina Langford<\/h2>\n<figure><img loading=\"lazy\" decoding=\"async\" src=\"https:\/\/imgist.ru\/wp-content\/uploads\/2025\/02\/top-26-samyh-krasivyh-devushek-mira-2025-goda_67a9485de259d.jpeg\" alt=\"A atriz australiana Katherine Langford em uma entrevista de 2025\" width=\"662\" height=\"442\" \/><\/figure>\n<ul>\n<li>Data de nascimento: 29 de abril de 1996.<\/li>\n<li>Local de nascimento: Perth, Austr\u00e1lia<\/li>\n<li>Altura: 1,66 m<\/li>\n<li>Profiss\u00e3o: Atriz<\/li>\n<\/ul>\n<p>Apesar de ter sido rejeitada precocemente por escolas de teatro brit\u00e2nicas, Langford se tornou uma das atrizes mais requisitadas da nova gera\u00e7\u00e3o. Em 2025, ela estrelar\u00e1 uma produ\u00e7\u00e3o no Old Vic Theatre e est\u00e1 preparando sua estreia na dire\u00e7\u00e3o, um curta-metragem sobre sa\u00fade mental na adolesc\u00eancia diante da sobrecarga digital.<\/p>\n<h2>Lin Yun<\/h2>\n<figure><img loading=\"lazy\" decoding=\"async\" src=\"https:\/\/imgist.ru\/wp-content\/uploads\/2025\/02\/top-26-samyh-krasivyh-devushek-mira-2025-goda_67a94a309cde7.jpeg\" alt=\"A atriz chinesa Lin Yun na cerim\u00f4nia de entrega dos pr\u00eamios Golden Rooster de 2025.\" width=\"662\" height=\"442\" \/><\/figure>\n<ul>\n<li>Data de nascimento: 16 de abril de 1996.<\/li>\n<li>Local de nascimento: Huzhou, China<\/li>\n<li>Altura: 1,69 m<\/li>\n<li>Profiss\u00e3o: Atriz<\/li>\n<\/ul>\n<p>Lin Yun continua sendo uma figura fundamental no cinema chin\u00eas. Seu trabalho em &quot;O Rio Silencioso&quot; (2024) foi premiado no Festival de Cinema de Xangai, e em 2025, ela participou de um projeto internacional sobre di\u00e1logo cultural entre o Oriente e o Ocidente, com filmagens em Singapura e Paris.<\/p>\n<h2>Zendaya<\/h2>\n<figure><img loading=\"lazy\" decoding=\"async\" src=\"https:\/\/imgist.ru\/wp-content\/uploads\/2025\/02\/top-26-samyh-krasivyh-devushek-mira-2025-goda_67a94491ec27a.jpeg\" alt=\"A atriz e produtora americana Zendaya na estreia de &quot;Duna: Parte III&quot;, 2025.\" width=\"662\" height=\"378\" \/><\/figure>\n<ul>\n<li>Data de nascimento: 1 de setembro de 1996.<\/li>\n<li>Local de nascimento: Oakland, Calif\u00f3rnia, EUA<\/li>\n<li>Altura: 1,78 m<\/li>\n<li>Profiss\u00e3o: Atriz, cantora, dan\u00e7arina, produtora<\/li>\n<\/ul>\n<p>Zendaya n\u00e3o \u00e9 apenas uma estrela, ela \u00e9 uma arquiteta da m\u00eddia por excel\u00eancia. Em 2025, ela est\u00e1 produzindo uma nova s\u00e9rie da HBO sobre ativismo juvenil e est\u00e1 envolvida em tr\u00eas grandes projetos cinematogr\u00e1ficos, incluindo Duna: Parte III. Sua abordagem na escolha de pap\u00e9is e colegas de elenco \u00e9 marcada por um compromisso com a diversidade em todos os n\u00edveis da produ\u00e7\u00e3o.<\/p>\n<h2>Rosa (ROS\u00c9)<\/h2>\n<figure><img loading=\"lazy\" decoding=\"async\" src=\"https:\/\/imgist.ru\/wp-content\/uploads\/2025\/02\/top-26-samyh-krasivyh-devushek-mira-2025-goda_67a9449223da5.jpeg\" alt=\"A cantora Ros\u00e9, do BLACKPINK, far\u00e1 um show solo em Seul em 2025.\" width=\"662\" height=\"442\" \/><\/figure>\n<ul>\n<li>Data de nascimento: 11 de fevereiro de 1997.<\/li>\n<li>Local de nascimento: Auckland, Nova Zel\u00e2ndia<\/li>\n<li>Altura: 1,68 m<\/li>\n<li>Profiss\u00e3o: Cantora, dan\u00e7arina<\/li>\n<\/ul>\n<p>Ap\u00f3s o t\u00e9rmino das turn\u00eas do BLACKPINK em 2024, Ros\u00e9 se concentrou em sua carreira solo. Seu EP de 2025, &quot;Violet&quot;, tornou-se o lan\u00e7amento solo mais vendido de qualquer integrante do grupo. Ela tamb\u00e9m se tornou embaixadora global da marca Yves Saint Laurent, apoiando iniciativas de sa\u00fade mental.<\/p>\n<h2>Camila Cabello<\/h2>\n<figure><img loading=\"lazy\" decoding=\"async\" src=\"https:\/\/imgist.ru\/wp-content\/uploads\/2025\/02\/top-26-samyh-krasivyh-devushek-mira-2025-goda_67a9485f1597b.jpeg\" alt=\"A cantora cubana Camila Cabello no festival Lollapalooza 2025\" width=\"662\" height=\"497\" \/><\/figure>\n<ul>\n<li>Data de nascimento: 3 de mar\u00e7o de 1997.<\/li>\n<li>Local de nascimento: Cojimar, Cuba<\/li>\n<li>Altura: 1,57 m<\/li>\n<li>Profiss\u00e3o: Cantora, compositora<\/li>\n<\/ul>\n<p>Camila Cabello continua a desenvolver a est\u00e9tica latino-americana na m\u00fasica pop. Em 2025, ela lan\u00e7ou uma funda\u00e7\u00e3o educacional para crian\u00e7as imigrantes nos Estados Unidos, enquanto trabalhava simultaneamente na trilha sonora de um filme de anima\u00e7\u00e3o sobre a cultura cubana.<\/p>\n<h2>Bella Thorne<\/h2>\n<figure><img loading=\"lazy\" decoding=\"async\" src=\"https:\/\/imgist.ru\/wp-content\/uploads\/2025\/02\/top-26-samyh-krasivyh-devushek-mira-2025-goda_67a9449349558.jpeg\" alt=\"A atriz americana Bella Thorne no Festival de Cinema Independente de Toronto de 2025.\" width=\"662\" height=\"378\" \/><\/figure>\n<ul>\n<li>Data de nascimento: 8 de outubro de 1997.<\/li>\n<li>Local de nascimento: Pembroke Pines, Fl\u00f3rida, EUA<\/li>\n<li>Altura: 1,73 m<\/li>\n<li>Profiss\u00e3o: Atriz, cantora<\/li>\n<\/ul>\n<p>Bella Thorne fez uma transi\u00e7\u00e3o bem-sucedida do sistema de Hollywood para o cinema independente. Sua estreia na dire\u00e7\u00e3o, o curta-metragem &quot;Static&quot;, foi exibida no Festival de Cinema de San Sebasti\u00e1n. Ela tamb\u00e9m continua sendo uma ativista, apoiando organiza\u00e7\u00f5es que ajudam crian\u00e7as na \u00c1frica e lutando pelos direitos das pessoas com dislexia.<\/p>\n<h2>Kylie Jenner<\/h2>\n<figure><img loading=\"lazy\" decoding=\"async\" src=\"https:\/\/imgist.ru\/wp-content\/uploads\/2025\/02\/top-26-samyh-krasivyh-devushek-mira-2025-goda_67a9495be5fbb.jpeg\" alt=\"A empres\u00e1ria Kylie Jenner na inaugura\u00e7\u00e3o da nova boutique da Kylie Cosmetics em Paris, em 2025.\" width=\"662\" height=\"443\" \/><\/figure>\n<ul>\n<li>Data de nascimento: 10 de agosto de 1997.<\/li>\n<li>Local de nascimento: Los Angeles, EUA<\/li>\n<li>Altura: 1,68 m<\/li>\n<li>Profiss\u00e3o: Personalidade da m\u00eddia, empreendedor<\/li>\n<\/ul>\n<p>Ap\u00f3s vender a maior parte da Kylie Cosmetics, Kylie Jenner concentrou-se em investir em startups de bem-estar e moda sustent\u00e1vel. Sua funda\u00e7\u00e3o apoiar\u00e1 jovens empreendedores da Am\u00e9rica Latina em 2025.<\/p>\n<h2>Halima Aden<\/h2>\n<figure><img loading=\"lazy\" decoding=\"async\" src=\"https:\/\/imgist.ru\/wp-content\/uploads\/2025\/02\/top-26-samyh-krasivyh-devushek-mira-2025-goda_67a94494771d2.jpeg\" alt=\"A modelo Halima Aden em um desfile de moda em Dubai, 2025.\" width=\"662\" height=\"378\" \/><\/figure>\n<ul>\n<li>Data de nascimento: 19 de setembro de 1997.<\/li>\n<li>Local de nascimento: Kakuma, Qu\u00eania<\/li>\n<li>Altura: 1,66 m<\/li>\n<li>Profiss\u00e3o: Modelo<\/li>\n<\/ul>\n<p>Halima Aden continua a moldar uma est\u00e9tica inclusiva na moda. Em 2025, lan\u00e7ou sua pr\u00f3pria linha de roupas para mulheres mu\u00e7ulmanas, desenvolvida em colabora\u00e7\u00e3o com designers da Turquia e da Indon\u00e9sia. Sua abordagem n\u00e3o se limita \u00e0 &quot;moda modesta como nicho&quot;, mas sim \u00e0 sua integra\u00e7\u00e3o plena no mercado global.<\/p>\n<h2>Ananya Panday<\/h2>\n<figure><img loading=\"lazy\" decoding=\"async\" src=\"https:\/\/imgist.ru\/wp-content\/uploads\/2025\/02\/top-26-samyh-krasivyh-devushek-mira-2025-goda_67a944949f766.jpeg\" alt=\"A atriz indiana Ananya Panday no set de um novo filme de Bollywood, 2025.\" width=\"662\" height=\"325\" \/><\/figure>\n<ul>\n<li>Data de nascimento: 30 de outubro de 1998.<\/li>\n<li>Local de nascimento: Mumbai, \u00cdndia<\/li>\n<li>Altura: 1,7 m<\/li>\n<li>Profiss\u00e3o: Atriz<\/li>\n<\/ul>\n<p>Ananya Panday est\u00e1 ativamente envolvida na redefini\u00e7\u00e3o dos pap\u00e9is femininos no cinema indiano. Seu filme mais recente, &quot;City Lights&quot;, explora o v\u00edcio digital e a press\u00e3o social sobre os jovens.<\/p>\n<h2>Liza Soberano<\/h2>\n<figure><img loading=\"lazy\" decoding=\"async\" src=\"https:\/\/imgist.ru\/wp-content\/uploads\/2025\/02\/top-26-samyh-krasivyh-devushek-mira-2025-goda_67a9495c1c357.jpeg\" alt=\"A atriz filipina Liza Soberano em um evento de caridade em Manila, 2025\" width=\"662\" height=\"378\" \/><\/figure>\n<ul>\n<li>Data de nascimento: 4 de janeiro de 1998.<\/li>\n<li>Local de nascimento: Santa Clara, EUA<\/li>\n<li>Altura: 1,68 m<\/li>\n<li>Profiss\u00e3o: Atriz, modelo<\/li>\n<\/ul>\n<p>Liza Soberano continua sendo uma das principais estrelas do show business filipino. Em 2025, ela fez sua estreia na s\u00e9rie internacional da Netflix sobre migra\u00e7\u00e3o e identidade.<\/p>\n<h2>Isabela Merced<\/h2>\n<figure><img loading=\"lazy\" decoding=\"async\" src=\"https:\/\/imgist.ru\/wp-content\/uploads\/2025\/02\/top-26-samyh-krasivyh-devushek-mira-2025-goda_67a9495c4fcf4.jpeg\" alt=\"A atriz americana Isabela Merced no set do filme de a\u00e7\u00e3o de 2025.\" width=\"662\" height=\"372\" \/><\/figure>\n<ul>\n<li>Data de nascimento: 10 de julho de 2001.<\/li>\n<li>Local de nascimento: Cleveland, EUA<\/li>\n<li>Altura: 1,55 m<\/li>\n<li>Profiss\u00e3o: Atriz, cantora<\/li>\n<\/ul>\n<p>Isabela Merced est\u00e1 evoluindo rapidamente de estrela infantil para atriz consagrada. Em 2025, ela estrelar\u00e1 o remake de Fallen Angels e est\u00e1 preparando um \u00e1lbum musical em espanhol.<\/p>\n<h2>Nancy (Momoland)<\/h2>\n<figure><img loading=\"lazy\" decoding=\"async\" src=\"https:\/\/imgist.ru\/wp-content\/uploads\/2025\/02\/top-26-samyh-krasivyh-devushek-mira-2025-goda_67a948623d702.jpeg\" alt=\"A cantora coreano-americana Nancy, do Momoland, no M Countdown 2025.\" width=\"662\" height=\"378\" \/><\/figure>\n<ul>\n<li>Data de nascimento: 13 de abril de 2000.<\/li>\n<li>Local de nascimento: Daegu, Coreia do Sul<\/li>\n<li>Altura: 1,62 m<\/li>\n<li>Profiss\u00e3o: Cantora, atriz<\/li>\n<\/ul>\n<p>Apesar da reformula\u00e7\u00e3o do Momoland, Nancy continua sendo uma apresentadora e atriz muito requisitada. Em 2025, ela estrelou um drama sobre eSports e lan\u00e7ou um podcast sobre identidade intercultural.<\/p>\n<h2>Yael Shelbia<\/h2>\n<figure><img loading=\"lazy\" decoding=\"async\" src=\"https:\/\/imgist.ru\/wp-content\/uploads\/2025\/02\/top-26-samyh-krasivyh-devushek-mira-2025-goda_67a94497c7d65.jpeg\" alt=\"A modelo e atriz israelense Yael Shelbia ap\u00f3s servir na For\u00e7a A\u00e9rea Israelense.\" width=\"662\" height=\"378\" \/><\/figure>\n<ul>\n<li>Data de nascimento: 31 de agosto de 2001.<\/li>\n<li>Local de nascimento: Nahariya, Israel<\/li>\n<li>Altura: 1,74 m<\/li>\n<li>Profiss\u00e3o: Modelo, atriz<\/li>\n<\/ul>\n<p>Yael Shelbia concluiu o servi\u00e7o militar em 2025 e retornou ao trabalho na moda e no cinema. Ela assinou contrato com uma ag\u00eancia francesa e est\u00e1 se preparando para sua estreia no cinema europeu.<\/p>\n<h2>Ariana Greenblatt<\/h2>\n<figure><img loading=\"lazy\" decoding=\"async\" src=\"https:\/\/imgist.ru\/wp-content\/uploads\/2025\/02\/top-26-samyh-krasivyh-devushek-mira-2025-goda_67a94a30cc4da.jpeg\" alt=\"A atriz americana Ariana Greenblatt na estreia do filme de 2025.\" width=\"662\" height=\"463\" \/><\/figure>\n<ul>\n<li>Data de nascimento: 27 de agosto de 2007.<\/li>\n<li>Local de nascimento: Nova Iorque, EUA<\/li>\n<li>Altura: 1,6 m<\/li>\n<li>Profiss\u00e3o: Atriz<\/li>\n<\/ul>\n<p>Ariana Greenblatt est\u00e1 rapidamente se tornando uma das jovens atrizes mais requisitadas. Depois de pap\u00e9is em Os Vingadores e Num Bairro de Nova York, ela conseguiu o papel principal em O \u00daltimo Ver\u00e3o, um drama sobre adolesc\u00eancia e perda.<\/p>\n<h2>Olivia Rodrigo<\/h2>\n<figure><img loading=\"lazy\" decoding=\"async\" src=\"https:\/\/imgist.ru\/wp-content\/uploads\/2025\/02\/top-26-samyh-krasivyh-devushek-mira-2025-goda_67a9495d75408.jpeg\" alt=\"A cantora Olivia Rodrigo na cerim\u00f4nia do Grammy de 2025.\" width=\"662\" height=\"372\" \/><\/figure>\n<ul>\n<li>Data de nascimento: 20 de fevereiro de 2003.<\/li>\n<li>Local de nascimento: Murrieta, EUA<\/li>\n<li>Altura: 1,65 m<\/li>\n<li>G\u00eaneros: Pop, pop-rock<\/li>\n<\/ul>\n<p>Olivia Rodrigo continua sendo a voz da Gera\u00e7\u00e3o Z. Seu segundo \u00e1lbum, &quot;Vampire&quot;, tornou-se um fen\u00f4meno cultural em 2024 e, em 2025, ela lan\u00e7ou um programa para apoiar compositores aspirantes de pequenas cidades dos Estados Unidos.<\/p>\n<h2>Ava Justin<\/h2>\n<figure><img loading=\"lazy\" decoding=\"async\" src=\"https:\/\/imgist.ru\/wp-content\/uploads\/2025\/02\/top-26-samyh-krasivyh-devushek-mira-2025-goda_67a9449a0748f.jpeg\" alt=\"A atriz e modelo americana Ava Justin no Festival de Cinema de Palm Springs de 2025.\" width=\"662\" height=\"746\" \/><\/figure>\n<ul>\n<li>Data de nascimento: 10 de novembro de 2005.<\/li>\n<li>Nacionalidade: Americana<\/li>\n<li>Altura: 1,57 m<\/li>\n<li>Profiss\u00e3o: Modelo, atriz<\/li>\n<\/ul>\n<p>Ava Justin fez uma transi\u00e7\u00e3o bem-sucedida das redes sociais para o cinema s\u00e9rio. Seu primeiro papel em um longa-metragem, no filme independente &quot;Paper Wings&quot;, lhe rendeu o pr\u00eamio de Melhor Estreia no Festival de Cinema de Santa B\u00e1rbara.<\/p>\n<h2>McKenna Grace<\/h2>\n<figure><img loading=\"lazy\" decoding=\"async\" src=\"https:\/\/imgist.ru\/wp-content\/uploads\/2025\/02\/top-26-samyh-krasivyh-devushek-mira-2025-goda_67a9449a3448f.jpeg\" alt=\"A atriz americana Mckenna Grace no set da s\u00e9rie de 2025.\" width=\"662\" height=\"828\" \/><\/figure>\n<ul>\n<li>Data de nascimento: 25 de junho de 2006.<\/li>\n<li>Local de nascimento: Grapevine, EUA<\/li>\n<li>Altura: 1,54 m<\/li>\n<li>Profiss\u00e3o: Atriz, cantora<\/li>\n<\/ul>\n<p>Mckenna Grace \u00e9 um raro exemplo de estrela infantil que mant\u00e9m a integridade art\u00edstica. Em 2025, ela estrela a s\u00e9rie &quot;The Memory Keeper&quot; e est\u00e1 preparando um \u00e1lbum de covers dos anos 70.<\/p>\n<h2>Kaia Gerber<\/h2>\n<figure><img loading=\"lazy\" decoding=\"async\" src=\"https:\/\/imgist.ru\/wp-content\/uploads\/2025\/02\/top-26-samyh-krasivyh-devushek-mira-2025-goda_67a9486466186.jpeg\" alt=\"A modelo Kaia Gerber no desfile de Alta Costura da Chanel, Paris, 2025.\" width=\"662\" height=\"442\" \/><\/figure>\n<ul>\n<li>Data de nascimento: 3 de setembro de 2001.<\/li>\n<li>Local de nascimento: Los Angeles, EUA<\/li>\n<li>Altura: 1,77 m<\/li>\n<li>Profiss\u00e3o: Modelo, atriz<\/li>\n<\/ul>\n<p>Kaia Gerber est\u00e1 dando continuidade ao legado de sua m\u00e3e, Cindy Crawford, mas com uma nova abordagem: enfatizando o minimalismo e a moda sustent\u00e1vel. Em 2025, ela firmou uma parceria com uma empresa brit\u00e2nica de reciclagem t\u00eaxtil.<\/p>\n<h2>Thylane Blondeau<\/h2>\n<figure><img loading=\"lazy\" decoding=\"async\" src=\"https:\/\/imgist.ru\/wp-content\/uploads\/2025\/02\/top-26-samyh-krasivyh-devushek-mira-2025-goda_67a9449b627cf.jpeg\" alt=\"A modelo francesa Thylane Blondeau em sua cole\u00e7\u00e3o exclusiva de 2025.\" width=\"662\" height=\"515\" \/><\/figure>\n<ul>\n<li>Data de nascimento: 5 de abril de 2001.<\/li>\n<li>Local de nascimento: Aix-en-Provence, Fran\u00e7a<\/li>\n<li>Altura: 1,7 m<\/li>\n<li>Profiss\u00e3o: Modelo, designer<\/li>\n<\/ul>\n<p>Thylane Blondeau lan\u00e7ou sua pr\u00f3pria linha de roupas em 2024, com foco em moda sustent\u00e1vel e produtos artesanais. Suas cole\u00e7\u00f5es s\u00e3o vendidas em Paris e T\u00f3quio.<\/p>\n<h2>Meika Woollard<\/h2>\n<figure><img loading=\"lazy\" decoding=\"async\" src=\"https:\/\/imgist.ru\/wp-content\/uploads\/2025\/02\/top-26-samyh-krasivyh-devushek-mira-2025-goda_67a9449b8cfdc.jpeg\" alt=\"A atriz australiana Meika Woollard no set de um videoclipe em 2025.\" width=\"662\" height=\"378\" \/><\/figure>\n<ul>\n<li>Data de nascimento: 21 de abril de 2004.<\/li>\n<li>Local de nascimento: Victoria, Austr\u00e1lia<\/li>\n<li>Altura: 1,75 m<\/li>\n<li>Profiss\u00e3o: Atriz, modelo<\/li>\n<\/ul>\n<p>Meika Woollard est\u00e1 ativamente envolvida em projetos culturais relacionados \u00e0 identidade indo-australiana. Em 2025, ela participar\u00e1 de uma produ\u00e7\u00e3o teatral sobre migra\u00e7\u00e3o em Melbourne.<\/p>\n<h2>Jade Weber<\/h2>\n<figure><img loading=\"lazy\" decoding=\"async\" src=\"https:\/\/imgist.ru\/wp-content\/uploads\/2025\/02\/top-26-samyh-krasivyh-devushek-mira-2025-goda_67a9449bb7e42.jpeg\" alt=\"A atriz francesa Jade Weber no set de um filme independente em Los Angeles, 2025.\" width=\"662\" height=\"378\" \/><\/figure>\n<ul>\n<li>Data de nascimento: 7 de mar\u00e7o de 2005.<\/li>\n<li>Local de nascimento: Hong Kong<\/li>\n<li>Nacionalidade: Francesa<\/li>\n<li>Altura: 1,65 m<\/li>\n<li>Profiss\u00e3o: Atriz, modelo<\/li>\n<\/ul>\n<p>Jade Weber iniciou sua carreira adulta com pap\u00e9is em filmes independentes. Sua estreia em &quot;Echoes of Silence&quot; foi aclamada pela cr\u00edtica por sua atua\u00e7\u00e3o contida e profunda.<\/p>","protected":false},"excerpt":{"rendered":"<p>Em 2026, o panorama cultural ser\u00e1 definido n\u00e3o apenas por rostos bonitos, mas por mulheres jovens cujos talentos, projetos e posi\u00e7\u00f5es p\u00fablicas moldam tend\u00eancias globais. Em vez de rankings subjetivos\u2026<\/p>","protected":false},"author":1,"featured_media":93766,"comment_status":"open","ping_status":"closed","sticky":false,"template":"","format":"standard","meta":{"footnotes":""},"categories":[20],"tags":[],"class_list":["post-93747","post","type-post","status-publish","format-standard","has-post-thumbnail","hentry","category-interesnye-fakty","hvn-theme-has-thumbnail"],"_links":{"self":[{"href":"https:\/\/imgist.ru\/pt\/wp-json\/wp\/v2\/posts\/93747","targetHints":{"allow":["GET"]}}],"collection":[{"href":"https:\/\/imgist.ru\/pt\/wp-json\/wp\/v2\/posts"}],"about":[{"href":"https:\/\/imgist.ru\/pt\/wp-json\/wp\/v2\/types\/post"}],"author":[{"embeddable":true,"href":"https:\/\/imgist.ru\/pt\/wp-json\/wp\/v2\/users\/1"}],"replies":[{"embeddable":true,"href":"https:\/\/imgist.ru\/pt\/wp-json\/wp\/v2\/comments?post=93747"}],"version-history":[{"count":0,"href":"https:\/\/imgist.ru\/pt\/wp-json\/wp\/v2\/posts\/93747\/revisions"}],"wp:featuredmedia":[{"embeddable":true,"href":"https:\/\/imgist.ru\/pt\/wp-json\/wp\/v2\/media\/93766"}],"wp:attachment":[{"href":"https:\/\/imgist.ru\/pt\/wp-json\/wp\/v2\/media?parent=93747"}],"wp:term":[{"taxonomy":"category","embeddable":true,"href":"https:\/\/imgist.ru\/pt\/wp-json\/wp\/v2\/categories?post=93747"},{"taxonomy":"post_tag","embeddable":true,"href":"https:\/\/imgist.ru\/pt\/wp-json\/wp\/v2\/tags?post=93747"}],"curies":[{"name":"wp","href":"https:\/\/api.w.org\/{rel}","templated":true}]}}