{"id":9647,"date":"2026-06-03T18:00:03","date_gmt":"2026-06-03T15:00:03","guid":{"rendered":"http:\/\/imgist.ru\/za-rubezhom-szhigaetsya-bolshoe-kolichestvo-pererabotannogo-plastika-chto-privodit-k-masshtabnomu-zagryazneniyu-okruzhayushhej-sredy-i-problemam-so-zdorovem\/"},"modified":"2026-06-03T18:00:03","modified_gmt":"2026-06-03T15:00:03","slug":"grandes-quantidades-de-plastico-reciclado-sao-queimadas-no-exterior-o-que-leva-a-poluicao-ambiental-em-larga-escala-e-a-problemas-de-saude","status":"publish","type":"post","link":"https:\/\/imgist.ru\/pt\/za-rubezhom-szhigaetsya-bolshoe-kolichestvo-pererabotannogo-plastika-chto-privodit-k-masshtabnomu-zagryazneniyu-okruzhayushhej-sredy-i-problemam-so-zdorovem\/","title":{"rendered":"Grandes quantidades de pl\u00e1stico &quot;reciclado&quot; s\u00e3o queimadas no exterior, causando polui\u00e7\u00e3o ambiental generalizada e problemas de sa\u00fade."},"content":{"rendered":"<p>Imagine uma montanha de lixo do tamanho de Manhattan e mais alta que um Empire State Building e meio. Prev\u00ea-se que, at\u00e9 2050, o mundo produzir\u00e1 exatamente essa quantidade de res\u00edduos pl\u00e1sticos anualmente, caso nada seja feito para resolver o problema.<\/p>\n<p> \u00c0 primeira vista, a solu\u00e7\u00e3o para o problema parece simples \u2013 reciclar o lixo \u2013 mas a grande maioria dos res\u00edduos pl\u00e1sticos acaba em aterros sanit\u00e1rios ou, pior ainda, em latas de lixo.<\/p>\n<p> Uma grande quantidade de res\u00edduos pl\u00e1sticos \u00e9 enviada para o exterior. Em um novo estudo, um colega e eu analisamos o que acontece quando esses res\u00edduos s\u00e3o enviados para pa\u00edses de baixa e m\u00e9dia renda, onde a queima a c\u00e9u aberto \u00e9 um m\u00e9todo comum de descarte do excesso de lixo. O resultado, descobrimos, \u00e9 um aumento significativo na polui\u00e7\u00e3o atmosf\u00e9rica t\u00f3xica.<\/p>\n<p> Queima de res\u00edduos pl\u00e1sticos e seu impacto na sa\u00fade<\/p>\n<p> Nos pa\u00edses de baixa e m\u00e9dia renda, entre 401.000 e 651.000 toneladas de todo o lixo s\u00f3lido urbano \u00e9 queimado a c\u00e9u aberto, principalmente porque 2 bilh\u00f5es de pessoas em todo o mundo n\u00e3o t\u00eam acesso a um sistema de coleta de lixo s\u00f3lido urbano.<\/p>\n<p> A queima a c\u00e9u aberto ocorre tanto intencionalmente quanto n\u00e3o intencionalmente, sendo que esta \u00faltima acontece quando lix\u00f5es a c\u00e9u aberto de res\u00edduos org\u00e2nicos se inflamam espontaneamente devido ao calor gerado durante a decomposi\u00e7\u00e3o dos res\u00edduos.<\/p>\n<p> Quando o pl\u00e1stico queima, libera poluentes particularmente t\u00f3xicos no ar. Part\u00edculas finas podem penetrar profundamente no corpo humano, juntamente com gases como mon\u00f3xido de carbono, estireno e cianeto de hidrog\u00eanio. Poluentes org\u00e2nicos persistentes, como hidrocarbonetos arom\u00e1ticos polic\u00edclicos e dioxinas, tamb\u00e9m s\u00e3o liberados. Essas part\u00edculas e gases t\u00eam sido associados a uma variedade de riscos \u00e0 sa\u00fade, desde doen\u00e7as respirat\u00f3rias e cardiovasculares at\u00e9 c\u00e2ncer, dist\u00farbios reprodutivos e neurol\u00f3gicos.<\/p>\n<p> As cinzas da queima a c\u00e9u aberto tamb\u00e9m podem contaminar o solo e as \u00e1guas subterr\u00e2neas com poluentes org\u00e2nicos persistentes, metais pesados e outras subst\u00e2ncias t\u00f3xicas, aumentando a probabilidade de exposi\u00e7\u00e3o humana por meio de alimentos e \u00e1gua.<\/p>\n<p> Com\u00e9rcio global de res\u00edduos pl\u00e1sticos<\/p>\n<p> Enormes volumes de res\u00edduos pl\u00e1sticos s\u00e3o transportados pelo mundo todo \u2014 alguns para reciclagem e grande parte simplesmente para descarte em aterros sanit\u00e1rios ou incinera\u00e7\u00e3o. Segundo as Na\u00e7\u00f5es Unidas, 9,34 milh\u00f5es de toneladas m\u00e9tricas de res\u00edduos pl\u00e1sticos foram importadas em 2024.<\/p>\n<p> Os destinos finais dos res\u00edduos pl\u00e1sticos exportados est\u00e3o em constante mudan\u00e7a.<\/p>\n<p> Em 2018, a China interrompeu a importa\u00e7\u00e3o de res\u00edduos pl\u00e1sticos, o que levou a uma redu\u00e7\u00e3o acentuada no volume total de res\u00edduos pl\u00e1sticos transferidos entre pa\u00edses \u2014 pelo menos por meio de canais oficiais. Entre 1992 e 2016, as importa\u00e7\u00f5es chinesas de res\u00edduos pl\u00e1sticos representaram 451 toneladas das importa\u00e7\u00f5es globais.<\/p>\n<p> Em 2018, o fluxo mudou para outros pa\u00edses, principalmente para o Sudeste Asi\u00e1tico, mas tamb\u00e9m para outras regi\u00f5es, incluindo a Turquia. Em 2018, a Indon\u00e9sia tornou-se importadora l\u00edquida de res\u00edduos pl\u00e1sticos. A maior parte desses res\u00edduos veio da Europa Ocidental, Austr\u00e1lia e Am\u00e9rica do Norte.<\/p>\n<p> Quais s\u00e3o os problemas com a qualidade do ar na Indon\u00e9sia?<\/p>\n<p> Utilizamos dados de m\u00faltiplos sistemas de monitoramento, incluindo observa\u00e7\u00f5es por sat\u00e9lite e sinais de rastreamento de navios de carga, para entender para onde estava indo esse lixo pl\u00e1stico importado e quanta polui\u00e7\u00e3o atmosf\u00e9rica era emitida pela queima a c\u00e9u aberto desse lixo.<\/p>\n<p> Segundo estimativas de 2020 do F\u00f3rum Econ\u00f4mico Mundial e do governo indon\u00e9sio, 481.300 toneladas de res\u00edduos pl\u00e1sticos s\u00e3o queimadas a c\u00e9u aberto na Indon\u00e9sia.<\/p>\n<p> Constatamos que a polui\u00e7\u00e3o atmosf\u00e9rica por part\u00edculas, uma importante preocupa\u00e7\u00e3o para a sa\u00fade, aumentou em m\u00e9dia 3,31 TP3T em grandes aterros sanit\u00e1rios a c\u00e9u aberto na Indon\u00e9sia ap\u00f3s a proibi\u00e7\u00e3o imposta pela China entre 2018 e 2019, em compara\u00e7\u00e3o com o n\u00edvel esperado com base em dados de 2012 a 2017. Observamos um aumento de at\u00e9 1,68 microgramas por metro c\u00fabico.<\/p>\n<p> De acordo com as estimativas de risco do Estudo Global de Mortalidade Associada \u00e0 Exposi\u00e7\u00e3o a Longo Prazo a Part\u00edculas Finas no Ar Exterior, isso corresponde a um aumento aproximado no risco de morte por doen\u00e7a pulmonar obstrutiva cr\u00f4nica, c\u00e2ncer de pulm\u00e3o e infec\u00e7\u00f5es do trato respirat\u00f3rio inferior de 1,5%, 1,9% e 3,5%, respectivamente.<\/p>\n<p> Foram introduzidas novas restri\u00e7\u00f5es ao com\u00e9rcio de res\u00edduos pl\u00e1sticos.<\/p>\n<p> Em 2021, a Indon\u00e9sia restringiu a importa\u00e7\u00e3o de res\u00edduos n\u00e3o perigosos a 15 portos espec\u00edficos e, em 2025, proibiu completamente a importa\u00e7\u00e3o de res\u00edduos pl\u00e1sticos.<\/p>\n<p> Em meados de 2025, a Mal\u00e1sia seguiu o exemplo, permitindo a importa\u00e7\u00e3o de res\u00edduos pl\u00e1sticos apenas de pa\u00edses que ratificaram a Conven\u00e7\u00e3o de Basileia sobre o Controle de Movimentos Transfronteiri\u00e7os de Res\u00edduos Perigosos e seu Despejo \u2014 um tratado que os Estados Unidos nunca ratificaram.<\/p>\n<p> Para que essas proibi\u00e7\u00f5es sejam eficazes, esses pa\u00edses tamb\u00e9m precisam encontrar maneiras de combater os carregamentos ilegais de res\u00edduos pl\u00e1sticos e a importa\u00e7\u00e3o de papel contaminado com res\u00edduos pl\u00e1sticos.<\/p>\n<p> Entretanto, as negocia\u00e7\u00f5es sobre um tratado internacional juridicamente vinculativo sobre a gest\u00e3o de res\u00edduos pl\u00e1sticos, iniciadas em 2022, est\u00e3o paralisadas. Em meados de 2024, a Uni\u00e3o Europeia adotou um novo regulamento sobre o transporte de res\u00edduos, proibindo a exporta\u00e7\u00e3o de res\u00edduos pl\u00e1sticos para pa\u00edses fora da Organiza\u00e7\u00e3o para a Coopera\u00e7\u00e3o e Desenvolvimento Econ\u00f4mico (OCDE) a partir de novembro de 2026 at\u00e9 pelo menos maio de 2029.<\/p>\n<p> A efic\u00e1cia dessas e de futuras medidas para reduzir a polui\u00e7\u00e3o do ar e outras formas de degrada\u00e7\u00e3o ambiental pode ser avaliada utilizando m\u00e9todos como o nosso.<\/p>\n<p> Formas de reduzir o desperd\u00edcio de pl\u00e1stico<\/p>\n<p> Segundo estimativas da organiza\u00e7\u00e3o de defesa ambiental Beyond Plastics e do Bennington College, em 2021, apenas 5 a 61 toneladas de res\u00edduos pl\u00e1sticos dom\u00e9sticos foram recicladas nos Estados Unidos. Exportar res\u00edduos pl\u00e1sticos para outros pa\u00edses que possam recicl\u00e1-los tornou-se ainda mais dif\u00edcil.<\/p>\n<p> Parte do problema reside na falta de capacidade: a Associa\u00e7\u00e3o de Recicladores de Pl\u00e1stico estima que as instala\u00e7\u00f5es de reciclagem de pl\u00e1stico existentes nos EUA e no Canad\u00e1 poderiam aumentar a capacidade de reciclagem de pl\u00e1stico em um m\u00e1ximo de 35 a 441 toneladas de pl\u00e1stico reciclado (TP3T), dependendo do tipo de pl\u00e1stico, resultando em uma taxa geral de reciclagem de 7 a 91 TP3T.<\/p>\n<p> Em \u00faltima an\u00e1lise, a solu\u00e7\u00e3o para o problema provavelmente exigir\u00e1 tanto a redu\u00e7\u00e3o do uso de pl\u00e1stico quanto o aumento da reciclagem. Al\u00e9m da escolha do consumidor, a reutiliza\u00e7\u00e3o de embalagens \u2014 criando sistemas de embalagem e devolu\u00e7\u00e3o que permitam a reutiliza\u00e7\u00e3o dos mesmos materiais \u2014 pode reduzir a necessidade de pl\u00e1stico novo.<\/p>\n<p> Especialistas em gest\u00e3o de res\u00edduos defendem a harmoniza\u00e7\u00e3o de normas de projeto para otimizar os processos de reciclagem e garantir pl\u00e1stico reciclado de maior qualidade, bem como a implementa\u00e7\u00e3o de taxas ou impostos de responsabilidade estendida do produtor para aumentar o custo de produ\u00e7\u00e3o de itens n\u00e3o recicl\u00e1veis. Essas taxas poderiam fornecer o financiamento necess\u00e1rio para ampliar a reciclagem e outros programas de redu\u00e7\u00e3o do desperd\u00edcio de pl\u00e1stico.<\/p>\n<p> Desde 2021, sete estados adotaram leis de Responsabilidade Estendida do Produtor (REP) que afetam embalagens: Maine, Oregon, Calif\u00f3rnia, Colorado, Minnesota, Washington e Maryland. No entanto, levar\u00e1 tempo para vermos os resultados. O plano de implementa\u00e7\u00e3o final do Colorado, aprovado em 2022, s\u00f3 foi conclu\u00eddo no final de 2025. O primeiro pagamento das taxas de REP ao Departamento de Sa\u00fade P\u00fablica e Meio Ambiente do Colorado est\u00e1 previsto para meados de 2026.<\/p>\n<p> Em \u00faltima an\u00e1lise, reduzir e gerir melhor os res\u00edduos pl\u00e1sticos no nosso pa\u00eds pode ajudar a prevenir danos \u00e0 sa\u00fade a n\u00edvel global.<\/p>\n<p> Ellen M. Considine \u00e9 professora associada de geografia e pesquisadora associada do Instituto Cooperativo de Pesquisa em Ci\u00eancias Ambientais da Universidade do Colorado, em Boulder. Este artigo foi republicado do The Conversation sob uma licen\u00e7a Creative Commons. Leia o artigo original. As opini\u00f5es e pontos de vista expressos neste coment\u00e1rio s\u00e3o exclusivamente da autora.<\/p>","protected":false},"excerpt":{"rendered":"<p>Imagine uma montanha de lixo do tamanho de Manhattan e mais alta que um Empire State Building e meio. A previs\u00e3o \u00e9 de que, at\u00e9 2050, o mundo produzir\u00e1 exatamente essa quantidade anualmente\u2026<\/p>","protected":false},"author":1,"featured_media":9648,"comment_status":"open","ping_status":"closed","sticky":false,"template":"","format":"standard","meta":{"footnotes":""},"categories":[2],"tags":[],"class_list":["post-9647","post","type-post","status-publish","format-standard","has-post-thumbnail","hentry","category-news","hvn-theme-has-thumbnail"],"_links":{"self":[{"href":"https:\/\/imgist.ru\/pt\/wp-json\/wp\/v2\/posts\/9647","targetHints":{"allow":["GET"]}}],"collection":[{"href":"https:\/\/imgist.ru\/pt\/wp-json\/wp\/v2\/posts"}],"about":[{"href":"https:\/\/imgist.ru\/pt\/wp-json\/wp\/v2\/types\/post"}],"author":[{"embeddable":true,"href":"https:\/\/imgist.ru\/pt\/wp-json\/wp\/v2\/users\/1"}],"replies":[{"embeddable":true,"href":"https:\/\/imgist.ru\/pt\/wp-json\/wp\/v2\/comments?post=9647"}],"version-history":[{"count":0,"href":"https:\/\/imgist.ru\/pt\/wp-json\/wp\/v2\/posts\/9647\/revisions"}],"wp:featuredmedia":[{"embeddable":true,"href":"https:\/\/imgist.ru\/pt\/wp-json\/wp\/v2\/media\/9648"}],"wp:attachment":[{"href":"https:\/\/imgist.ru\/pt\/wp-json\/wp\/v2\/media?parent=9647"}],"wp:term":[{"taxonomy":"category","embeddable":true,"href":"https:\/\/imgist.ru\/pt\/wp-json\/wp\/v2\/categories?post=9647"},{"taxonomy":"post_tag","embeddable":true,"href":"https:\/\/imgist.ru\/pt\/wp-json\/wp\/v2\/tags?post=9647"}],"curies":[{"name":"wp","href":"https:\/\/api.w.org\/{rel}","templated":true}]}}