{"id":9655,"date":"2026-06-03T18:03:19","date_gmt":"2026-06-03T15:03:19","guid":{"rendered":"https:\/\/imgist.ru\/ubitaya-gorem-selin-dion-otdala-dan-pamyati-zamechatelnomu-i-shhedromu-pevczu-pibo-brajsonu-posle-ego-vnezapnoj-smerti\/"},"modified":"2026-06-03T18:03:19","modified_gmt":"2026-06-03T15:03:19","slug":"com-o-coracao-partido-celine-dion-prestou-homenagem-ao-notavel-e-brilhante-cantor-peabo-bryson-apos-sua-morte-repentina","status":"publish","type":"post","link":"https:\/\/imgist.ru\/pt\/ubitaya-gorem-selin-dion-otdala-dan-pamyati-zamechatelnomu-i-shhedromu-pevczu-pibo-brajsonu-posle-ego-vnezapnoj-smerti\/","title":{"rendered":"Celine Dion, com o cora\u00e7\u00e3o partido, prestou homenagem ao cantor &quot;maravilhoso e generoso&quot; Peabo Bryson ap\u00f3s sua morte repentina."},"content":{"rendered":"<p>Celine Dion diz estar &quot;com o cora\u00e7\u00e3o partido&quot; com a morte do cantor americano. <strong>Peabo Bryson<\/strong> aos 75 anos de idade.<\/p>\n<p> Bryson faleceu na ter\u00e7a-feira, 2 de junho, v\u00e1rios dias ap\u00f3s sofrer um AVC.<\/p>\n<p> Naquele mesmo dia, Dion, que cantou um dueto com Bryson para o filme da Disney de 1991 &quot;\u00ab <em>A bela e a fera\u00bb<\/em> , publicou uma postagem dedicada \u00e0 mem\u00f3ria de Bruno em seu Instagram Stories.<\/p>\n<p> \u00abEle foi t\u00e3o maravilhoso e generoso comigo durante todos esses anos em que est\u00e1vamos gravando.\u201d <em>\u00ab&quot;A bela e a fera&quot;,<\/em> &quot;Ele criou uma atmosfera t\u00e3o confort\u00e1vel para mim, j\u00e1 que eu estava aprendendo a cantar em ingl\u00eas. Ele sempre ser\u00e1 um verdadeiro s\u00edmbolo da alegria que a m\u00fasica trouxe para a minha vida. Sentirei muita falta da sua voz e do seu talento&quot;, escreveu ela ao lado de uma foto dos dois.<\/p>\n<p> \u00ab&quot;Meus pensamentos est\u00e3o com sua fam\u00edlia e que voc\u00ea descanse em paz, Peabo. Com amor, Celine xx&quot;, concluiu ela. <\/p>\n<p>&lt;img","protected":false},"excerpt":{"rendered":"<p>Celine Dion disse estar &quot;com o cora\u00e7\u00e3o partido&quot; com a morte do cantor americano Peabo Bryson, aos 75 anos. Bryson faleceu na ter\u00e7a-feira, 2 de junho\u2026<\/p>","protected":false},"author":1,"featured_media":9656,"comment_status":"open","ping_status":"closed","sticky":false,"template":"","format":"standard","meta":{"footnotes":""},"categories":[7],"tags":[],"class_list":["post-9655","post","type-post","status-publish","format-standard","has-post-thumbnail","hentry","category-muzyka","hvn-theme-has-thumbnail"],"_links":{"self":[{"href":"https:\/\/imgist.ru\/pt\/wp-json\/wp\/v2\/posts\/9655","targetHints":{"allow":["GET"]}}],"collection":[{"href":"https:\/\/imgist.ru\/pt\/wp-json\/wp\/v2\/posts"}],"about":[{"href":"https:\/\/imgist.ru\/pt\/wp-json\/wp\/v2\/types\/post"}],"author":[{"embeddable":true,"href":"https:\/\/imgist.ru\/pt\/wp-json\/wp\/v2\/users\/1"}],"replies":[{"embeddable":true,"href":"https:\/\/imgist.ru\/pt\/wp-json\/wp\/v2\/comments?post=9655"}],"version-history":[{"count":0,"href":"https:\/\/imgist.ru\/pt\/wp-json\/wp\/v2\/posts\/9655\/revisions"}],"wp:featuredmedia":[{"embeddable":true,"href":"https:\/\/imgist.ru\/pt\/wp-json\/wp\/v2\/media\/9656"}],"wp:attachment":[{"href":"https:\/\/imgist.ru\/pt\/wp-json\/wp\/v2\/media?parent=9655"}],"wp:term":[{"taxonomy":"category","embeddable":true,"href":"https:\/\/imgist.ru\/pt\/wp-json\/wp\/v2\/categories?post=9655"},{"taxonomy":"post_tag","embeddable":true,"href":"https:\/\/imgist.ru\/pt\/wp-json\/wp\/v2\/tags?post=9655"}],"curies":[{"name":"wp","href":"https:\/\/api.w.org\/{rel}","templated":true}]}}