{"id":9813,"date":"2026-06-03T19:04:54","date_gmt":"2026-06-03T16:04:54","guid":{"rendered":"http:\/\/imgist.ru\/megin-kelli-raskritikovala-konczert-donalda-trampa-poskolku-uchastniki-prodolzhayut-otkazyvatsya-ot-vystupleniya\/"},"modified":"2026-08-29T12:03:42","modified_gmt":"2026-08-29T09:03:42","slug":"megan-kelly-criticou-o-concerto-de-donald-trump-enquanto-os-membros-continuam-se-recusando-a-se-apresentar","status":"publish","type":"post","link":"https:\/\/imgist.ru\/pt\/megin-kelli-raskritikovala-konczert-donalda-trampa-poskolku-uchastniki-prodolzhayut-otkazyvatsya-ot-vystupleniya\/","title":{"rendered":"Megyn Kelly criticou o show de Donald Trump devido \u00e0 debandada de participantes."},"content":{"rendered":"<p>Conforme relatado por <em>Wonderwall.com<\/em> , at\u00e9 mesmo um comentarista conservador <strong>Megyn Kelly<\/strong> criticou duramente o problem\u00e1tico festival Freedom 250.<\/p>\n<p> Uma figura proeminente da m\u00eddia criticou um evento ligado ao movimento MAGA, chamando-o de &quot;desastre&quot; depois que v\u00e1rios artistas desistiram de participar, causando confus\u00e3o entre os organizadores e a ira do presidente. <strong>Donald Trump<\/strong> .<\/p>\n<h2> \u00ab&quot;Um fracasso total do come\u00e7o ao fim.&quot;\u00bb <\/h2>\n<p> A comentarista conservadora Megyn Kelly disse que at\u00e9 mesmo os republicanos est\u00e3o zombando do 250\u00ba anivers\u00e1rio da liberdade. Autor: MEGA<\/p>\n<p> Em um epis\u00f3dio recente de seu podcast, &quot;The Megyn Kelly Show&quot;, Kelly n\u00e3o se conteve, zombando do evento e da rea\u00e7\u00e3o extremamente negativa a ele.<\/p>\n<p> \u00ab&quot;Foi um desastre do come\u00e7o ao fim&quot;, disse ela.<\/p>\n<p> A Grande Feira Estadual Americana \u2014 um evento de v\u00e1rios dias organizado pela Freedom 250, uma iniciativa p\u00fablico-privada ligada \u00e0 Casa Branca \u2014 foi originalmente anunciada como uma celebra\u00e7\u00e3o patri\u00f3tica do 500\u00ba anivers\u00e1rio do pa\u00eds em Washington, D.C., com apresenta\u00e7\u00f5es de nove artistas. No entanto, a maioria desses artistas desistiu posteriormente.<\/p>\n<p> Kelly disse que procurou online por apoiadores do evento e encontrou muito poucos. &quot;Tentei encontrar algu\u00e9m que o defendesse&quot;, explicou. &quot;Entrei em contato com os republicanos que sigo no X, e acredite, sigo milhares deles. E todos eles tamb\u00e9m criticaram. Ningu\u00e9m ficou impressionado&quot;, acrescentou. &quot;Pode parecer duro, mas \u00e9 verdade. Ningu\u00e9m ficou impressionado. Todos acharam que era algum tipo de piada.&quot;.<\/p>\n<h2> Os artistas se dirigem para as sa\u00eddas. <\/h2>\n<p> Megyn Kelly afirmou que os artistas temiam repres\u00e1lias por participarem de um evento relacionado ao presidente Donald Trump. Autor: MEGA<\/p>\n<p> Kelly sugeriu que muitos artistas desistiram ap\u00f3s enfrentarem rea\u00e7\u00f5es negativas por participarem de um evento cada vez mais associado a Trump e ao movimento MAGA.<\/p>\n<p> \u00ab&quot;Acho que eles perceberam a rea\u00e7\u00e3o geral a esse elenco como, com licen\u00e7a, pat\u00e9tica&quot;, disse ela. &quot;A rea\u00e7\u00e3o foi extremamente negativa, e todo mundo pensava: &#039;Meu Deus, eu n\u00e3o posso fazer parte disso.&#039;&quot;.<\/p>\n<p> Ap\u00f3s o an\u00fancio da programa\u00e7\u00e3o, v\u00e1rios artistas se distanciaram publicamente do festival, incluindo <strong>Martina McBride<\/strong> , <strong>Bret Michaels<\/strong> , <strong>Dia de Morris<\/strong> , Milli Vanilli, The Commodores e <strong>Jovem MC<\/strong> .<\/p>\n<p> McBride disse que foi levada a acreditar que o concerto seria um evento apartid\u00e1rio, antes de tomar conhecimento de suas conota\u00e7\u00f5es pol\u00edticas.<\/p>\n<p> Duas organiza\u00e7\u00f5es distintas est\u00e3o celebrando o 250\u00ba anivers\u00e1rio da funda\u00e7\u00e3o do pa\u00eds. A Freedom 250, ligada ao governo Trump, est\u00e1 planejando uma s\u00e9rie de eventos de grande porte em Washington, enquanto a America250, criada pelo Congresso, tem como objetivo organizar celebra\u00e7\u00f5es mais amplas e apartid\u00e1rias em todo o pa\u00eds.<\/p>\n<h2> \u00ab&quot;N\u00e3o posso ter nada a ver com voc\u00eas, perdedores.&quot;. <\/h2>\n<p> Diversos artistas recusaram participar do evento, incluindo o m\u00fasico de rock Bret Michaels. Autor: MEGA<\/p>\n<p> Kelly continuou a especular sobre as conversas que ocorreram nos bastidores, enquanto os artistas se apressavam em se distanciar do evento.<\/p>\n<p> \u00ab&quot;Todo mundo se entreolha e pensa que, quando dizem que \u00e9 pat\u00e9tico, est\u00e3o se referindo a voc\u00ea, n\u00e3o a mim, e que eu n\u00e3o tenho nada em comum com voc\u00eas, perdedores&quot;, disse ela.<\/p>\n<p> Em consequ\u00eancia do \u00eaxodo em massa, os organizadores ficaram apenas com tr\u00eas artistas no programa: C+C Music Factory, <strong>Vanilla Ice<\/strong> \u0438 <strong>Flo Rida<\/strong> .<\/p>\n<p> Enfurecido, Trump disse que estava considerando substituir os artistas da Grande Feira Estadual Americana por um com\u00edcio &quot;Make America Great Again&quot; (Tornar a Am\u00e9rica Grande Novamente), sugerindo que ele pr\u00f3prio deveria ser a estrela, o que gerou acusa\u00e7\u00f5es de politiza\u00e7\u00e3o das comemora\u00e7\u00f5es do anivers\u00e1rio dos Estados Unidos.<\/p>\n<h2> Os oponentes desafiadores continuam a resistir. <\/h2>\n<p> Freedom Williams, vocalista do C+C Music Factory, continua confirmado no evento, apesar de n\u00e3o ser f\u00e3 do presidente Donald Trump. Autor: MEGA<\/p>\n<p> Nem todos est\u00e3o recuando. O vocalista do C+C Music Factory. <strong>Liberdade Williams<\/strong> Recentemente, ele defendeu sua decis\u00e3o de se manifestar, insistindo que a pol\u00edtica n\u00e3o tinha nada a ver com sua apar\u00eancia.<\/p>\n<p> Williams afirmou que seu agente de shows nunca mencionou Trump durante a prepara\u00e7\u00e3o da apresenta\u00e7\u00e3o, embora tenha reconhecido ter recebido mensagens raivosas de cr\u00edticos.<\/p>\n<p> \u00ab&quot;Vamos cancelar o show no C+C Music Factory, vai ser um show terr\u00edvel&quot;, ele se lembrou de ter ouvido.<\/p>\n<p> O cantor deixou claro ent\u00e3o que n\u00e3o era um apoiador do presidente.<\/p>\n<p> \u00ab&quot;Eu n\u00e3o me meto com o Trump. Eu n\u00e3o dou a m\u00ednima para o Trump&quot;, disse Williams. &quot;Eu sei da anarquia que ele est\u00e1 promovendo. Mas o dia em que eu deixar voc\u00ea, seu filho da puta, me dizer o que fazer, ser\u00e1 o dia em que eu morrerei.&quot;.<\/p>","protected":false},"excerpt":{"rendered":"<p>Conforme relatado pelo Wonderwall.com, at\u00e9 mesmo a comentarista conservadora Megyn Kelly criticou duramente o controverso festival Freedom 250. A proeminente figura da m\u00eddia criticou o evento, que est\u00e1 associado ao movimento\u2026<\/p>","protected":false},"author":1,"featured_media":9814,"comment_status":"open","ping_status":"closed","sticky":false,"template":"","format":"standard","meta":{"footnotes":""},"categories":[7],"tags":[],"class_list":["post-9813","post","type-post","status-publish","format-standard","has-post-thumbnail","hentry","category-muzyka","hvn-theme-has-thumbnail"],"_links":{"self":[{"href":"https:\/\/imgist.ru\/pt\/wp-json\/wp\/v2\/posts\/9813","targetHints":{"allow":["GET"]}}],"collection":[{"href":"https:\/\/imgist.ru\/pt\/wp-json\/wp\/v2\/posts"}],"about":[{"href":"https:\/\/imgist.ru\/pt\/wp-json\/wp\/v2\/types\/post"}],"author":[{"embeddable":true,"href":"https:\/\/imgist.ru\/pt\/wp-json\/wp\/v2\/users\/1"}],"replies":[{"embeddable":true,"href":"https:\/\/imgist.ru\/pt\/wp-json\/wp\/v2\/comments?post=9813"}],"version-history":[{"count":4,"href":"https:\/\/imgist.ru\/pt\/wp-json\/wp\/v2\/posts\/9813\/revisions"}],"predecessor-version":[{"id":153619,"href":"https:\/\/imgist.ru\/pt\/wp-json\/wp\/v2\/posts\/9813\/revisions\/153619"}],"wp:featuredmedia":[{"embeddable":true,"href":"https:\/\/imgist.ru\/pt\/wp-json\/wp\/v2\/media\/9814"}],"wp:attachment":[{"href":"https:\/\/imgist.ru\/pt\/wp-json\/wp\/v2\/media?parent=9813"}],"wp:term":[{"taxonomy":"category","embeddable":true,"href":"https:\/\/imgist.ru\/pt\/wp-json\/wp\/v2\/categories?post=9813"},{"taxonomy":"post_tag","embeddable":true,"href":"https:\/\/imgist.ru\/pt\/wp-json\/wp\/v2\/tags?post=9813"}],"curies":[{"name":"wp","href":"https:\/\/api.w.org\/{rel}","templated":true}]}}