{"id":9815,"date":"2026-06-03T19:05:04","date_gmt":"2026-06-03T16:05:04","guid":{"rendered":"http:\/\/imgist.ru\/aap-rocky-poluchit-nagradu-tribeca-x-kinorezhisser-goda-na-czeremonii-vrucheniya-nagrad-tribeca-2026\/"},"modified":"2026-08-24T16:40:27","modified_gmt":"2026-08-24T13:40:27","slug":"aap-rocky-recebera-o-premio-de-diretor-de-cinema-do-ano-no-tribeca-x-film-awards-de-2026","status":"publish","type":"post","link":"https:\/\/imgist.ru\/pt\/aap-rocky-poluchit-nagradu-tribeca-x-kinorezhisser-goda-na-czeremonii-vrucheniya-nagrad-tribeca-2026\/","title":{"rendered":"A$AP Rocky receber\u00e1 o pr\u00eamio de Cineasta do Ano do Tribeca X na cerim\u00f4nia do Tribeca Awards de 2026."},"content":{"rendered":"<p>A$AP Rocky ser\u00e1 homenageado com o primeiro pr\u00eamio Tribeca X de Cineasta do Ano na 25\u00aa edi\u00e7\u00e3o anual do Festival de Cinema de Tribeca, na ter\u00e7a-feira, 9 de junho.<\/p>\n<p> Jane Rosenthal, cofundadora do Festival de Tribeca, entregar\u00e1 o pr\u00eamio a Roky no Spring Studios, em Nova York. O artista, natural do Harlem, ser\u00e1 homenageado por seu trabalho na interse\u00e7\u00e3o entre m\u00fasica, moda, cinema e narrativa com foco em marcas.<\/p>\n<p> <strong>Mais not\u00edcias da Billboard<\/strong><\/p>\n<ul>\n<li>\n<p> \u00abSaint-\u00c9tienne anuncia turn\u00ea de despedida pela Austr\u00e1lia e Nova Zel\u00e2ndia.<\/p>\n<\/li>\n<li>\n<p> Barry Can&#039;t Swim, Richie Hawtin e Lead Bizarro anunciam sua turn\u00ea de festivais australianos em 2026.<\/p>\n<\/li>\n<li>\n<p> Taylor Swift disse que est\u00e1 &quot;sempre inspirada&quot; por Paul McCartney e elogiou seu novo \u00e1lbum.<\/p>\n<\/li>\n<\/ul>\n<p> Fora do est\u00fadio, Rocky est\u00e1 ativamente envolvido em v\u00e1rios projetos: atualmente, ele \u00e9 o diretor criativo da Ray-Ban, o diretor criativo da Puma para a parceria da marca com a F\u00f3rmula 1 e tamb\u00e9m dirige sua pr\u00f3pria ag\u00eancia criativa, a AWGE.<\/p>\n<p> \u00ab&quot;O Tribeca X foi criado para celebrar as vozes que est\u00e3o remodelando as narrativas contempor\u00e2neas&quot;, disse Rebecca Glashow, CEO da Tribeca Enterprises. &quot;O cen\u00e1rio cultural atual \u00e9 definido por artistas e empreendedores que ultrapassam os limites da criatividade em diversas \u00e1reas e setores. A$AP Rocky exemplifica o vision\u00e1rio que desafia g\u00eaneros e para quem o pr\u00eamio inaugural de Cineasta do Ano do Tribeca X foi criado.&quot;.<\/p>\n<p> Ela continuou: &quot;Hoje, marcas e criadores n\u00e3o apenas moldam a cultura \u2014 eles produzem, financiam e distribuem entretenimento de alta qualidade. \u00c0 medida que a arte de contar hist\u00f3rias continua a evoluir em diferentes plataformas e tecnologias, o Tribeca X celebra os artistas e inovadores que est\u00e3o criando modelos totalmente novos de sucesso criativo e comercial.&quot;.<\/p>\n<p> Rocky est\u00e1 atualmente em turn\u00ea mundial com a &quot;Don&#039;t Be Dumb World Tour&quot;, que come\u00e7a esta semana na Filad\u00e9lfia antes de retornar para casa, na cidade de Nova York, para ser a atra\u00e7\u00e3o principal do Governors Ball em 7 de junho.<\/p>\n<p> O Tribeca X Festival tamb\u00e9m contar\u00e1 com uma FADE Session no dia 8 de junho, com Emory Jones, da Roc Nation, o diretor Eric &quot;Pta&quot; Herbert e Chief Johnson, da Puma, em conversa com Carl LaMarr. <em>Outdoor<\/em> sobre o pr\u00f3ximo curta-metragem do trio.<\/p>\n<p> Entre os palestrantes adicionais anunciados para a programa\u00e7\u00e3o expandida do Tribeca X est\u00e3o Cedric the Entertainer, Taylor Rooks, Aurora James e autores. <em>Ca\u00e7adores de Dem\u00f4nios K-Pop<\/em> Dania Jimenez e Hannah McMehan.<\/p>\n<p> Os ingressos para o Tribeca X Summit, com dura\u00e7\u00e3o de dois dias, j\u00e1 est\u00e3o dispon\u00edveis no site da Tribeca. <\/p>\n<p> Passe VIP para o outdoor<\/p>\n<p> <strong>Os melhores da Billboard<\/strong><\/p>\n<ul>\n<li>\n<p> Os maiores sucessos de Janet Jackson na Billboard Hot 100<\/p>\n<\/li>\n<li>\n<p> An\u00e1lise das paradas musicais: Em 1996, &quot;Baby&quot;, de Mariah Carey, alcan\u00e7ou o primeiro lugar na parada Hot 100.<\/p>\n<\/li>\n<li>\n<p> An\u00e1lise das paradas musicais: Em 1989, o New Kids on the Block alcan\u00e7ou o primeiro lugar nas paradas com &quot;Hangin&#039; Tough&quot;.<\/p>\n<\/li>\n<\/ul>\n<p> Assine a newsletter da Billboard. Para ficar por dentro das \u00faltimas not\u00edcias, siga-nos no Facebook, Twitter e Instagram.<\/p>","protected":false},"excerpt":{"rendered":"<p>A$AP Rocky ser\u00e1 homenageado com o pr\u00eamio inaugural de Cineasta do Ano do Tribeca X na 25\u00aa edi\u00e7\u00e3o anual do Festival de Cinema de Tribeca, na ter\u00e7a-feira, 9 de junho. Cofundador\u2026<\/p>","protected":false},"author":1,"featured_media":9816,"comment_status":"open","ping_status":"closed","sticky":false,"template":"","format":"standard","meta":{"footnotes":""},"categories":[7],"tags":[],"class_list":["post-9815","post","type-post","status-publish","format-standard","has-post-thumbnail","hentry","category-muzyka","hvn-theme-has-thumbnail"],"_links":{"self":[{"href":"https:\/\/imgist.ru\/pt\/wp-json\/wp\/v2\/posts\/9815","targetHints":{"allow":["GET"]}}],"collection":[{"href":"https:\/\/imgist.ru\/pt\/wp-json\/wp\/v2\/posts"}],"about":[{"href":"https:\/\/imgist.ru\/pt\/wp-json\/wp\/v2\/types\/post"}],"author":[{"embeddable":true,"href":"https:\/\/imgist.ru\/pt\/wp-json\/wp\/v2\/users\/1"}],"replies":[{"embeddable":true,"href":"https:\/\/imgist.ru\/pt\/wp-json\/wp\/v2\/comments?post=9815"}],"version-history":[{"count":1,"href":"https:\/\/imgist.ru\/pt\/wp-json\/wp\/v2\/posts\/9815\/revisions"}],"predecessor-version":[{"id":142330,"href":"https:\/\/imgist.ru\/pt\/wp-json\/wp\/v2\/posts\/9815\/revisions\/142330"}],"wp:featuredmedia":[{"embeddable":true,"href":"https:\/\/imgist.ru\/pt\/wp-json\/wp\/v2\/media\/9816"}],"wp:attachment":[{"href":"https:\/\/imgist.ru\/pt\/wp-json\/wp\/v2\/media?parent=9815"}],"wp:term":[{"taxonomy":"category","embeddable":true,"href":"https:\/\/imgist.ru\/pt\/wp-json\/wp\/v2\/categories?post=9815"},{"taxonomy":"post_tag","embeddable":true,"href":"https:\/\/imgist.ru\/pt\/wp-json\/wp\/v2\/tags?post=9815"}],"curies":[{"name":"wp","href":"https:\/\/api.w.org\/{rel}","templated":true}]}}