{"id":99195,"date":"2022-04-25T00:00:00","date_gmt":"2022-04-24T21:00:00","guid":{"rendered":"http:\/\/aleksawn.bget.ru\/10-sluchaev-v-istorii-kogda-obshhestva-regressirovali\/"},"modified":"2022-04-25T00:00:00","modified_gmt":"2022-04-24T21:00:00","slug":"10-casos-historicos-em-que-as-sociedades-regrediram","status":"publish","type":"post","link":"https:\/\/imgist.ru\/pt\/10-sluchaev-v-istorii-kogda-obshhestva-regressirovali\/","title":{"rendered":"10 vezes em que as sociedades regrediram na hist\u00f3ria"},"content":{"rendered":"<div readability=\"239.01503076063\">\n<p><span>Estamos bastante acostumados ao modelo puramente hist\u00f3rico da evolu\u00e7\u00e3o humana, desde indiv\u00edduos incivilizados, famintos e desesperados at\u00e9 os seres bem alimentados e civilizados que conhecemos hoje. Evolu\u00edmos de uma s\u00e9rie de despotismos para rep\u00fablicas complexas, democracias, coletividades e assim por diante.<\/span><\/p>\n<p> <span>Mas n\u00e3o \u00e9 t\u00e3o simples assim. Muitas vezes na hist\u00f3ria, sociedades foram destru\u00eddas por inimigos externos ou rebeldes internos. As consequ\u00eancias desses retrocessos inevitavelmente se espalham para o resto da humanidade, mesmo que os efeitos n\u00e3o sejam imediatamente \u00f3bvios. Portanto, far\u00edamos bem em nos familiarizarmos mais com os per\u00edodos em que as sociedades reverteram o progresso em termos de tecnologia, cultura ou organiza\u00e7\u00e3o.<\/span><\/p>\n<h2> <span>10. A Ascens\u00e3o dos C\u00e9sares<\/span> <\/h2>\n<p><img loading=\"lazy\" decoding=\"async\" class=\"aligncenter size-full wp-image-81635\" src=\"https:\/\/imgist.ru\/wp-content\/uploads\/2023\/03\/10-sluchaev-v-istorii-kogda-obshhestva-regressirovali_64107e718c641.jpeg\" alt=\"\" width=\"640\" height=\"439\"><\/p>\n<p> <span>Como J\u00falio C\u00e9sar e Augusto C\u00e9sar cultivaram um certo culto \u00e0 personalidade durante seus reinados, \u00e9 f\u00e1cil pensar que eles foram uma b\u00ean\u00e7\u00e3o incondicional para o Imp\u00e9rio Romano. Augusto, em particular, \u00e9 dito ter encontrado Roma uma cidade de tijolos e a deixado uma cidade de m\u00e1rmore. No entanto, as classes mais baixas de Roma tinham, na verdade, muitos motivos para amaldi\u00e7oar a chegada do Imperador Augusto; at\u00e9 mesmo aqueles que n\u00e3o estavam particularmente interessados no conceito do Senado.<\/span><\/p>\n<p> <span>Em primeiro lugar, de acordo com &quot;\u00ab<\/span> <i><span>Hist\u00f3ria Popular da Roma Antiga&quot;\u00bb<\/span><\/i> Michael Parenti <span>, Augusto imp\u00f4s impostos sobre vendas e um imposto sobre heran\u00e7as, que afetavam apenas os pobres e a classe trabalhadora. Ele aboliu as assembleias populares que proporcionavam alguma representa\u00e7\u00e3o popular, visto que at\u00e9 mesmo o Senado se mostrou incontrolavelmente corrupto. Como se isso n\u00e3o fosse devastador o suficiente para a classe trabalhadora, ele tamb\u00e9m aboliu muitas corpora\u00e7\u00f5es de of\u00edcio. O golpe final nas ideias de Augusto, que tinham alguma inclina\u00e7\u00e3o populista, foram suas restri\u00e7\u00f5es legais ao n\u00famero de escravos que um propriet\u00e1rio podia libertar, para impedir que o trabalho livre adquirisse muito poder de barganha. N\u00e3o surpreendentemente, apesar de todos os edif\u00edcios de m\u00e1rmore que ele supostamente supervisionou, o reinado de Augusto ainda foi marcado pela pobreza.<\/span><span>e a peste<\/span> <span>.<\/span><\/p>\n<h2> <span>9. A Ascens\u00e3o de Pinochet<\/span> <\/h2>\n<p><img loading=\"lazy\" decoding=\"async\" class=\"aligncenter size-full wp-image-81636\" src=\"https:\/\/imgist.ru\/wp-content\/uploads\/2023\/03\/10-sluchaev-v-istorii-kogda-obshhestva-regressirovali_64107e70b88a4.jpeg\" alt=\"\" width=\"640\" height=\"419\"><\/p>\n<p> <span>Em 1973, o presidente democraticamente eleito Salvador Allende cometeu suic\u00eddio em resposta a um golpe de Estado apoiado pela CIA. Ele foi sucedido pelo general Augusto Pinochet, que inaugurou d\u00e9cadas de terror. No total, seu golpe matou aproximadamente 3.000 pessoas, incluindo a infame e generalizada pr\u00e1tica de lan\u00e7ar 120 pessoas de helic\u00f3pteros. Em termos de regress\u00e3o cultural espec\u00edfica, Pinochet era t\u00e3o abertamente antifeminista que mulheres da Associa\u00e7\u00e3o<\/span> <span>familiares dos detidos e desaparecidos<\/span> <span>Desempenhou um papel fundamental na deposi\u00e7\u00e3o de Pinochet da presid\u00eancia em 1990.<\/span><\/p>\n<p> <span>Pinochet demonstrou pouco remorso por ter mordido a m\u00e3o americana que o alimentava. Em 1976, ele ordenou o assassinato do ex-embaixador chileno.<\/span> <span>Orlando Letelier<\/span> <span>Em Washington, D.C. J\u00e1 em 1986, ele rejeitou abertamente os conselhos do governo Reagan sobre direitos humanos, dizendo ao General John Galvin que &quot;definiria o rumo do Chile sem conselhos, sem a interfer\u00eancia de ningu\u00e9m&quot;. O embaixador Harry Barnes chamou o ditador que presidiu a morte de tantos chilenos e a priva\u00e7\u00e3o de direitos de tantos outros de &quot;\u00ab<\/span> <span>Archie Bunker chileno<\/span> <span>\u00bb&quot;Essa \u00e9 a banalidade do mal.&quot;.<\/span><\/p>\n<h2> <span>8. P\u00e2nico de 1873.<\/span> <\/h2>\n<p><img loading=\"lazy\" decoding=\"async\" class=\"aligncenter size-large wp-image-81638\" src=\"https:\/\/imgist.ru\/wp-content\/uploads\/2023\/03\/10-sluchaev-v-istorii-kogda-obshhestva-regressirovali_64107e727eb0b.jpeg\" alt=\"\" width=\"640\" height=\"419\"><\/p>\n<p> <span>O per\u00edodo da hist\u00f3ria americana entre o fim da Guerra Civil em 1865 e, em linhas gerais, a Guerra Hispano-Americana de 1898, \u00e9 frequentemente negligenciado nas aulas de hist\u00f3ria do ensino m\u00e9dio. Um aspecto que costuma ser esquecido \u00e9 a primeira Grande Depress\u00e3o dos Estados Unidos, em grande parte devido ao financiamento gigantesco da ferrovia Jay Cooke &amp; Co., que declarou fal\u00eancia em 1873. Com isso, 18.000 empresas em todo o pa\u00eds faliram e, em 1876, o desemprego atingiu seu pico.<\/span> <span>14%<\/span> <span>. As consequ\u00eancias econ\u00f4micas disso durariam at\u00e9 1877 e, na verdade, afetariam a Europa por mais tempo, especialmente a Fran\u00e7a, onde a recess\u00e3o econ\u00f4mica se estenderia at\u00e9 1879.<\/span><\/p>\n<p> <span>Isso ocorreu durante um per\u00edodo de crescente organiza\u00e7\u00e3o trabalhista nos Estados Unidos. No estado da Calif\u00f3rnia, em particular, os imigrantes chineses foram culpados por viabilizar a constru\u00e7\u00e3o das ferrovias e por deprimir os sal\u00e1rios, o que levou \u00e0 eclos\u00e3o de atrocidades em massa, como o ataque ao bairro chin\u00eas de S\u00e3o Francisco.<\/span> <span>Francisco<\/span> <span>. As repercuss\u00f5es antichinesas perduraram para al\u00e9m da Grande Depress\u00e3o, culminando na assinatura da Lei de Exclus\u00e3o Chinesa em 1882. Os sindicatos n\u00e3o tiveram melhor sorte, com o envio de tropas federais para reprimir greves ou mesmo atirar contra os trabalhadores, resultando na morte de mais de 100 oper\u00e1rios. Nos antigos estados confederados, o desvio de recursos federais permitiu que a Ku Klux Klan retomasse com for\u00e7a total suas campanhas de terror contra a popula\u00e7\u00e3o negra, o que, sem d\u00favida, contribuiu para o fracasso da recupera\u00e7\u00e3o econ\u00f4mica dos Estados Unidos. Em suma, nada amea\u00e7a mais o progresso do que uma cat\u00e1strofe econ\u00f4mica.<\/span><\/p>\n<h2> <span>7. Guerra dos Trinta Anos<\/span> <\/h2>\n<p><img loading=\"lazy\" decoding=\"async\" class=\"aligncenter size-full wp-image-81639\" src=\"https:\/\/imgist.ru\/wp-content\/uploads\/2023\/03\/10-sluchaev-v-istorii-kogda-obshhestva-regressirovali_64107e7375bf0.jpeg\" alt=\"\" width=\"640\" height=\"436\"><\/p>\n<p> <span>A Guerra dos Trinta Anos, uma das guerras mais devastadoras da hist\u00f3ria europeia, teve in\u00edcio em 1618, quando o Sacro Imperador Romano-Germ\u00e2nico Fernando II tentou restaurar o dom\u00ednio cat\u00f3lico sobre a \u00c1ustria e a Bo\u00eamia. Ele obteve relativo sucesso ap\u00f3s cinco anos, mas os combates deixaram a Alemanha vulner\u00e1vel \u00e0 invas\u00e3o do Rei Cristiano IV da Su\u00e9cia, situa\u00e7\u00e3o que se manteve at\u00e9 o Tratado de Vestf\u00e1lia, em 1648. Este tratado converteu grande parte da Europa ao conceito de autoridade religiosa centralizada em favor de Estados-na\u00e7\u00e3o secularizados. A Alemanha sofreu ainda mais terrivelmente.<\/span><\/p>\n<p> <span>Al\u00e9m das in\u00fameras mortes causadas pela guerra, peste e fome que custaram at\u00e9 [n\u00famero omitido] regi\u00f5es no territ\u00f3rio da futura Alemanha<\/span> <span>40% de sua popula\u00e7\u00e3o<\/span> <span>Devido \u00e0 devasta\u00e7\u00e3o e aos ataques de ex\u00e9rcitos mercen\u00e1rios n\u00e3o remunerados, muitos governos na Europa Central tornaram-se praticamente invi\u00e1veis. A Alemanha desintegrou-se em 300 principados. Com cada pa\u00eds administrando seus pr\u00f3prios territ\u00f3rios dispendiosos, o custo dos servi\u00e7os p\u00fablicos aumentou muito mais rapidamente do que teria aumentado com a economia devastada. Al\u00e9m disso, o transporte de mercadorias tornou-se um pesadelo, j\u00e1 que a carga no Reno podia atravessar rios inteiros.<\/span> <span>27 principados<\/span> <span>, O que significava constantes paradas alfandeg\u00e1rias at\u00e9 mesmo para os pedidos mais triviais. Com o com\u00e9rcio em decl\u00ednio e a pobreza em n\u00edveis t\u00e3o alarmantes, n\u00e3o \u00e9 de se admirar que a Alemanha tenha permanecido balcanizada por s\u00e9culos.<\/span><\/p>\n<h2> <span>6. O reinado turbulento de Fernando VII<\/span> <\/h2>\n<p><img loading=\"lazy\" decoding=\"async\" class=\"aligncenter size-full wp-image-81640\" src=\"https:\/\/imgist.ru\/wp-content\/uploads\/2023\/03\/10-sluchaev-v-istorii-kogda-obshhestva-regressirovali_64107e746fb2e.jpeg\" alt=\"\" width=\"640\" height=\"429\"><\/p>\n<p> <span>Poucos reinados foram t\u00e3o intensos quanto o deste rei espanhol. O evento que lhe permitiu ascender ao trono da Espanha em<\/span> <span>Em 1808<\/span> <span>, A abdica\u00e7\u00e3o de seu antecessor, Carlos IV, conhecida como a &quot;Revolta de Aranjuez&quot;, foi o ponto de virada. Como a Espanha estava sob a invas\u00e3o de Napole\u00e3o Bonaparte, com o ditador franc\u00eas fingindo orquestrar a Revolu\u00e7\u00e3o Francesa e transferir o poder mon\u00e1rquico para o povo, Napole\u00e3o o aprisionou naquele mesmo ano. Napole\u00e3o o libertou em 1814, quando as tropas francesas se retiraram da Espanha.<\/span><\/p>\n<p> <span>Enquanto o rei estava preso, as for\u00e7as liberais independentistas na Espanha adotaram um novo sistema de governo conhecido como a Constitui\u00e7\u00e3o de C\u00e1diz.<\/span> <span>Em 1812, que, entre outras reformas liberais, limitou os poderes da monarquia, Fernando VII n\u00e3o tinha inten\u00e7\u00e3o de aprovar uma constitui\u00e7\u00e3o que restringisse seus poderes recentemente restaurados e previsse a pris\u00e3o ou o ex\u00edlio dos liberais que redigiram o documento. Para assegurar seu poder, ele recorreu cada vez mais a...<\/span> <span>reacion\u00e1rio<\/span> <span>for\u00e7as, incluindo seu irm\u00e3o Dom Carlos.<\/span><\/p>\n<p> <span>Contudo, as for\u00e7as do progresso n\u00e3o foram derrotadas para sempre e alcan\u00e7aram um grande sucesso em 1820, quando o Coronel Rafael Riego se juntou aos constitucionalistas, iniciando uma guerra civil que Fernando encerrou ainda naquele ano, ao ratificar a Constitui\u00e7\u00e3o. Em 1822, a Espanha mergulhou novamente em guerra civil quando as for\u00e7as monarquistas se insurgiram para declarar Fernando livre da Constitui\u00e7\u00e3o que ele havia assinado, o que levou o ex\u00e9rcito real franc\u00eas a invadir o pa\u00eds em seu apoio. Os liberais declararam a Constitui\u00e7\u00e3o inv\u00e1lida em 1823, e Fernando novamente exilou ou prendeu muitos deles. Pelo menos, essa situa\u00e7\u00e3o se manteve at\u00e9 1830, quando a falta de um herdeiro homem o levou a considerar a Princesa Isabel como sua sucessora. Dom Carlos recusou, e uma nova guerra civil eclodiu; desta vez, Fernando foi for\u00e7ado a retornar aos liberais, a quem havia perseguido por anos. Sua simpatia por eles permaneceu at\u00e9 sua morte, em 1833. Mesmo hoje.<\/span> <span>historiadores liberais<\/span> Duramente criticado por ter repetidamente atrasado o progresso na Espanha. <span>.<\/span><\/p>\n<h2> <span>5. Pr\u00edncipe Metternich<\/span> <\/h2>\n<p><img loading=\"lazy\" decoding=\"async\" class=\"aligncenter size-full wp-image-81641\" src=\"https:\/\/imgist.ru\/wp-content\/uploads\/2023\/03\/10-sluchaev-v-istorii-kogda-obshhestva-regressirovali_64107e754a6be.jpeg\" alt=\"\" width=\"640\" height=\"429\"><\/p>\n<p> <span>Quando se trata de monarcas que tentaram usurpar o poder do povo no s\u00e9culo XIX, o Pr\u00edncipe Klemens von Metternich \u00e9 lembrado tanto por manter a paz na Europa ap\u00f3s as Guerras Napole\u00f4nicas quanto por seu despotismo extremo. Ele se tornou Ministro das Rela\u00e7\u00f5es Exteriores em 1809 e concentrou-se em deter a expans\u00e3o dos imp\u00e9rios Russo e Otomano, bem como das institui\u00e7\u00f5es democr\u00e1ticas, incluindo a supress\u00e3o de levantes populares. Tais levantes o for\u00e7aram a deixar o cargo em 1848. De acordo com livros como &quot;\u00ab<\/span> <i><span>&quot;P\u00e3o e Democracia na Alemanha&quot;\u00bb<\/span><\/i> Alexandre Gerschenkron <i><span>,<\/span><\/i> <span>Metternich reconheceu que, embora a democracia inevitavelmente se consolidasse na Europa ap\u00f3s eventos marcantes como a Revolu\u00e7\u00e3o Francesa, ele a reverteria o m\u00e1ximo que pudesse.<\/span><\/p>\n<p> <span>Mesmo na d\u00e9cada de 1950, Metternich ainda era amplamente condenado na Alemanha e na \u00c1ustria.<\/span> <span>Nos filmes daquele per\u00edodo<\/span> <span>Ele e sua pol\u00edcia secreta infiltraram-se em festas camponesas, tentando proibir o alegado<\/span> <span>valsas provocantes<\/span> <span>em favor da dan\u00e7a tradicional polca. Como Metternich teria reconhecido, as pessoas muitas vezes n\u00e3o consideram a paz um substituto digno para a liberdade.<\/span><\/p>\n<h2> <span>4. A derrota do Talib\u00e3 no Afeganist\u00e3o<\/span> <\/h2>\n<p><img loading=\"lazy\" decoding=\"async\" class=\"aligncenter size-full wp-image-81642\" src=\"https:\/\/imgist.ru\/wp-content\/uploads\/2023\/03\/10-sluchaev-v-istorii-kogda-obshhestva-regressirovali_64107e761b70c.jpeg\" alt=\"\" width=\"640\" height=\"427\"><\/p>\n<p> <span>Listas anteriores da TopTenz mencionaram que, na d\u00e9cada de 1950, o Afeganist\u00e3o era indiscutivelmente o pa\u00eds mais progressista do Oriente M\u00e9dio, uma narrativa usada pelo General James Mattis em 2017 para tentar convencer o Presidente Trump a continuar a ocupa\u00e7\u00e3o americana na esperan\u00e7a de restaurar o pa\u00eds a esse estado. Isso \u00e9 bastante ir\u00f4nico, pois as opera\u00e7\u00f5es americanas durante a Guerra Fria foram, na verdade, a principal raz\u00e3o pela qual o Afeganist\u00e3o se tornou uma teocracia mu\u00e7ulmana. A cren\u00e7a comum \u00e9 que os EUA come\u00e7aram a apoiar os mujahidin numa tentativa de impedir uma invas\u00e3o sovi\u00e9tica. A verdade \u00e9 que, mesmo antes de uma \u00fanica bota sovi\u00e9tica pisar em solo afeg\u00e3o, os Estados Unidos j\u00e1 enviavam fundos para extremistas religiosos como...<\/span> <span>Gulbuddin Hekmatyar<\/span> <span>, que realizaram ataques com \u00e1cido contra mulheres afeg\u00e3s.<\/span><\/p>\n<p> <span>Em 1994, ap\u00f3s derrotar o ex\u00e9rcito sovi\u00e9tico e contribuir para o colapso da Uni\u00e3o Sovi\u00e9tica, o Talib\u00e3 aliou-se aos Estados Unidos.<\/span> <span>mujahideen<\/span> <span>. Em 1996, eles haviam capturado Cabul. Se<\/span> <span>acreditar<\/span> <span>administra\u00e7\u00f5es Bush e Obama<\/span> , o que, nos anos subsequentes, levou \u00e0 restri\u00e7\u00e3o de todos os tipos de direitos civis, especialmente para as mulheres. <span>Ap\u00f3s duas d\u00e9cadas de ocupa\u00e7\u00e3o estadunidense, de 2002 a 2021, esses direitos n\u00e3o foram restaurados.<\/span><\/p>\n<h2> <span>3. A Primeira Guerra Mundial na Am\u00e9rica<\/span> <\/h2>\n<p><img loading=\"lazy\" decoding=\"async\" class=\"aligncenter size-large wp-image-81643\" src=\"https:\/\/imgist.ru\/wp-content\/uploads\/2023\/03\/10-sluchaev-v-istorii-kogda-obshhestva-regressirovali_64107e77100fd.jpeg\" alt=\"\" width=\"640\" height=\"436\"><\/p>\n<p> <span>O papel dos Estados Unidos na vit\u00f3ria da Alian\u00e7a na guerra que acabaria com todas as guerras muitas vezes ofusca o impacto desastroso do acordo de produ\u00e7\u00e3o na frente interna. Apesar da campanha do presidente Woodrow Wilson para impedir o envolvimento dos EUA na guerra, o governo americano prendeu...<\/span> <span>agitadores anti-guerra<\/span> <span>Nos termos da Lei de Espionagem, apesar da clara viola\u00e7\u00e3o da Primeira Emenda, as pris\u00f5es foram direcionadas, de forma suspeita, aos organizadores da greve. O Sindicato dos Trabalhadores Industriais do Mundo (IWW) foi um alvo espec\u00edfico.,<\/span> <span>Em setembro de 1917, somente na regi\u00e3o de Chicago, 1.000 pessoas foram enviadas para a pris\u00e3o.<\/span> para<span>100 membros<\/span> . <span>A mais famosa de todas as pris\u00f5es foi<\/span> <span>Senador Eugene V. Debs<\/span> <span>Por ousar proferir um discurso contra a participa\u00e7\u00e3o dos EUA na guerra em 18 de junho de 1918, para uma plateia em Canton, Ohio.<\/span><\/p>\n<p> <span>Al\u00e9m disso, uma onda de sentimento anti-alem\u00e3o varreu o pa\u00eds. Embora seja sabido que o chucrute ficou conhecido como &quot;repolho da liberdade&quot;, ele assumiu formas muito mais graves, como o assassinato de imigrantes como...<\/span> <span>Robert Prager,<\/span> <span>Em Collinsville, Illinois. Como resultado, muitos alem\u00e3es minimizaram ativamente sua heran\u00e7a, a ponto de mudarem seus nomes e os nomes de suas comunidades. Essa rejei\u00e7\u00e3o da heran\u00e7a alem\u00e3 ajudou a minimizar o papel desproporcional que<\/span> <span>abolicionistas alem\u00e3es<\/span> <span>Desempenhou um papel na preserva\u00e7\u00e3o da Uni\u00e3o durante a Guerra Civil e deixou um v\u00e1cuo que foi preenchido por mais propaganda pr\u00f3-Confederada, que encobriu a guerra e suas consequ\u00eancias.<\/span><\/p>\n<h2> <span>2. Rep\u00fablica de Weimar<\/span> <\/h2>\n<p><img loading=\"lazy\" decoding=\"async\" class=\"aligncenter size-full wp-image-81644\" src=\"https:\/\/imgist.ru\/wp-content\/uploads\/2023\/03\/10-sluchaev-v-istorii-kogda-obshhestva-regressirovali_64107e7805f38.jpeg\" alt=\"\" width=\"640\" height=\"423\"><\/p>\n<p> <span>A ascens\u00e3o do Terceiro Reich ocupa um lugar t\u00e3o central na hist\u00f3ria alem\u00e3 que o per\u00edodo p\u00f3s-guerra, da d\u00e9cada de 1910 at\u00e9 a elei\u00e7\u00e3o de Hitler como Chanceler do Reich em 1933, \u00e9 frequentemente negligenciado. Ap\u00f3s a abdica\u00e7\u00e3o do Kaiser Guilherme II,<\/span> <span>Assembleia Nacional<\/span> <span>reuniram-se na cidade de Weimar para redigir uma nova constitui\u00e7\u00e3o e a ratificaram em fevereiro de 1919. Nesse mesmo ano<\/span> foi ratificado na Alemanha <span>sufr\u00e1gio feminino<\/span> <span>, E sentimentos p\u00fablicos, como a toler\u00e2ncia para com os cidad\u00e3os LGBT, come\u00e7aram a se fortalecer. Um sistema de seguridade social foi criado.<\/span><\/p>\n<p> <span>A Rep\u00fablica de Weimar teve a sorte de herdar uma economia em p\u00e9ssimas condi\u00e7\u00f5es e, em 1923, a hiperinfla\u00e7\u00e3o amea\u00e7ava a sobreviv\u00eancia do novo governo. Somente com a introdu\u00e7\u00e3o de uma nova moeda, lastreada pelos Estados Unidos,<\/span> <span>marca de aluguel<\/span> <span>, A situa\u00e7\u00e3o foi salva por um tempo. Quando a economia americana entrou em colapso em 1929, a economia republicana entrou em colapso junto, permitindo que os nazistas chegassem ao parlamento e destru\u00edssem a maior parte desses direitos civis, embora o pa\u00eds tenha mantido um s\u00f3lido estado de bem-estar social.<\/span> <span>Para<\/span> <span>supostamente arianos de ra\u00e7a pura.<\/span><\/p>\n<h2> <span>1. A queda da Uni\u00e3o Sovi\u00e9tica<\/span> <\/h2>\n<p><img loading=\"lazy\" decoding=\"async\" class=\"aligncenter size-full wp-image-81645\" src=\"https:\/\/imgist.ru\/wp-content\/uploads\/2023\/03\/10-sluchaev-v-istorii-kogda-obshhestva-regressirovali_64107e78ee092.png\" alt=\"\" width=\"640\" height=\"466\"><\/p>\n<p> <span>Artigos anteriores da TopTenz detalharam os horrores da era sovi\u00e9tica.<\/span> <span>Uni\u00e3o<\/span> <span>, Mas seu colapso foi uma cat\u00e1strofe terr\u00edvel para milh\u00f5es de pessoas. Ap\u00f3s a \u00faltima tentativa de golpe de Boris Yeltsin e sua substitui\u00e7\u00e3o por Mikhail Gorbachev em agosto de 1991, os comunistas sovi\u00e9ticos declararam oficialmente seu sistema de governo extinto em dezembro de 1991.<\/span><\/p>\n<p> <span>O surgimento de 15 governos, em sua maioria empobrecidos, resultou em consequ\u00eancias devastadoras para muitas vidas. A perda do acesso \u00e0 sa\u00fade e a transi\u00e7\u00e3o para refei\u00e7\u00f5es caseiras menos nutritivas fizeram com que, em 1994, a expectativa m\u00e9dia de vida dos homens na R\u00fassia tivesse ca\u00eddo em...<\/span> <span>seis anos<\/span> <span>, e mulheres - durante tr\u00eas anos.<\/span> <span>Os padr\u00f5es de infraestrutura ca\u00edram.<\/span> <span>, A privatiza\u00e7\u00e3o privou muitos cidad\u00e3os de moradias populares e de um senso de coes\u00e3o social. N\u00e3o surpreendentemente, uma pesquisa de 2018 constatou que<\/span> <span>66% Russos<\/span> <span>Sinto nostalgia pelo sistema sovi\u00e9tico.<\/span><\/p>\n<p> <i><span>Dustin Kosky est\u00e1 se preparando para a pr\u00f3xima grande perda de progresso porque seu romance p\u00f3s-apocal\u00edptico de fantasmas &quot;\u00ab<\/span><\/i> <i><span>O Retorno dos Vivos&quot;\u00bb<\/span><\/i> <i><span>Provavelmente o colocar\u00e3o contra a parede.<\/span><\/i><\/p>\n<\/p><\/div>","protected":false},"excerpt":{"rendered":"<p>Nos acostumamos bastante com o modelo puramente hist\u00f3rico da evolu\u00e7\u00e3o humana, de indiv\u00edduos incivilizados, famintos e desesperados aos seres bem alimentados e civilizados que conhecemos hoje. J\u00e1 ultrapassamos...<\/p>","protected":false},"author":1,"featured_media":13771,"comment_status":"open","ping_status":"closed","sticky":false,"template":"","format":"standard","meta":{"footnotes":""},"categories":[20],"tags":[],"class_list":["post-99195","post","type-post","status-publish","format-standard","has-post-thumbnail","hentry","category-interesnye-fakty","hvn-theme-has-thumbnail"],"_links":{"self":[{"href":"https:\/\/imgist.ru\/pt\/wp-json\/wp\/v2\/posts\/99195","targetHints":{"allow":["GET"]}}],"collection":[{"href":"https:\/\/imgist.ru\/pt\/wp-json\/wp\/v2\/posts"}],"about":[{"href":"https:\/\/imgist.ru\/pt\/wp-json\/wp\/v2\/types\/post"}],"author":[{"embeddable":true,"href":"https:\/\/imgist.ru\/pt\/wp-json\/wp\/v2\/users\/1"}],"replies":[{"embeddable":true,"href":"https:\/\/imgist.ru\/pt\/wp-json\/wp\/v2\/comments?post=99195"}],"version-history":[{"count":0,"href":"https:\/\/imgist.ru\/pt\/wp-json\/wp\/v2\/posts\/99195\/revisions"}],"wp:featuredmedia":[{"embeddable":true,"href":"https:\/\/imgist.ru\/pt\/wp-json\/wp\/v2\/posts\/13771"}],"wp:attachment":[{"href":"https:\/\/imgist.ru\/pt\/wp-json\/wp\/v2\/media?parent=99195"}],"wp:term":[{"taxonomy":"category","embeddable":true,"href":"https:\/\/imgist.ru\/pt\/wp-json\/wp\/v2\/categories?post=99195"},{"taxonomy":"post_tag","embeddable":true,"href":"https:\/\/imgist.ru\/pt\/wp-json\/wp\/v2\/tags?post=99195"}],"curies":[{"name":"wp","href":"https:\/\/api.w.org\/{rel}","templated":true}]}}